{"id":29036,"date":"2024-07-29T12:56:45","date_gmt":"2024-07-29T15:56:45","guid":{"rendered":"https:\/\/www.fazenda.niteroi.rj.gov.br\/site\/?p=29036"},"modified":"2024-07-29T12:57:52","modified_gmt":"2024-07-29T15:57:52","slug":"acordao-no-2374-2019","status":"publish","type":"post","link":"https:\/\/www.fazenda.niteroi.rj.gov.br\/site\/acordao-no-2374-2019\/","title":{"rendered":"Ac\u00f3rd\u00e3o n\u00ba 2374\/2019"},"content":{"rendered":"\n<ul class=\"wp-block-list\">\n<li>1117\u00aa Sess\u00e3o Ordin\u00e1ria, de 28\/05\/2019<\/li>\n\n\n\n<li>Processo: 030\/014238\/2018<\/li>\n\n\n\n<li>Recorrente: SR. RONEL MACIEL DIAS<\/li>\n\n\n\n<li>\u201cEmenta: <strong>IPTU \u2013 Recurso volunt\u00e1rio \u2013 Lan\u00e7amento complementar &#8211; Fatos previamente conhecidos pela administra\u00e7\u00e3o p\u00fablica \u2013 Erro de direito \u2013 Intelig\u00eancia dos arts. 145, III e 149, VIII do CTN e art. 16 par\u00e1grafo \u00fanico do CTM \u2013 Nulidade do lan\u00e7amento \u2013 Provimento do recurso.\u201d<\/strong><\/li>\n\n\n\n<li>Inteiro teor: <a href=\"https:\/\/www.fazenda.niteroi.rj.gov.br\/site\/wp-content\/uploads\/2024\/07\/PA-014238.18-FLS.-62-A-79.pdf\">Ac\u00f3rd\u00e3o 2374\/2019<\/a><\/li>\n<\/ul>\n","protected":false},"excerpt":{"rendered":"<p>IPTU \u2013 Recurso volunt\u00e1rio \u2013 Lan\u00e7amento complementar &#8211; Fatos previamente conhecidos pela administra\u00e7\u00e3o p\u00fablica \u2013 Erro de direito \u2013 Intelig\u00eancia dos arts. 145, III e 149, VIII do CTN e art. 16 par\u00e1grafo \u00fanico do CTM \u2013 Nulidade do lan\u00e7amento \u2013 Provimento do recurso.\u201d<\/p>\n","protected":false},"author":4,"featured_media":0,"comment_status":"closed","ping_status":"closed","sticky":false,"template":"","format":"standard","meta":{"_et_pb_use_builder":"","_et_pb_old_content":"","_et_gb_content_width":"","_usar_header_alternativo":false,"footnotes":""},"categories":[131,126],"tags":[],"class_list":["post-29036","post","type-post","status-publish","format-standard","hentry","category-acordaos","category-ccn","et-doesnt-have-format-content","et_post_format-et-post-format-standard"],"_links":{"self":[{"href":"https:\/\/www.fazenda.niteroi.rj.gov.br\/site\/wp-json\/wp\/v2\/posts\/29036","targetHints":{"allow":["GET"]}}],"collection":[{"href":"https:\/\/www.fazenda.niteroi.rj.gov.br\/site\/wp-json\/wp\/v2\/posts"}],"about":[{"href":"https:\/\/www.fazenda.niteroi.rj.gov.br\/site\/wp-json\/wp\/v2\/types\/post"}],"author":[{"embeddable":true,"href":"https:\/\/www.fazenda.niteroi.rj.gov.br\/site\/wp-json\/wp\/v2\/users\/4"}],"replies":[{"embeddable":true,"href":"https:\/\/www.fazenda.niteroi.rj.gov.br\/site\/wp-json\/wp\/v2\/comments?post=29036"}],"version-history":[{"count":2,"href":"https:\/\/www.fazenda.niteroi.rj.gov.br\/site\/wp-json\/wp\/v2\/posts\/29036\/revisions"}],"predecessor-version":[{"id":29040,"href":"https:\/\/www.fazenda.niteroi.rj.gov.br\/site\/wp-json\/wp\/v2\/posts\/29036\/revisions\/29040"}],"wp:attachment":[{"href":"https:\/\/www.fazenda.niteroi.rj.gov.br\/site\/wp-json\/wp\/v2\/media?parent=29036"}],"wp:term":[{"taxonomy":"category","embeddable":true,"href":"https:\/\/www.fazenda.niteroi.rj.gov.br\/site\/wp-json\/wp\/v2\/categories?post=29036"},{"taxonomy":"post_tag","embeddable":true,"href":"https:\/\/www.fazenda.niteroi.rj.gov.br\/site\/wp-json\/wp\/v2\/tags?post=29036"}],"curies":[{"name":"wp","href":"https:\/\/api.w.org\/{rel}","templated":true}]}}