{"id":29110,"date":"2024-07-29T15:55:47","date_gmt":"2024-07-29T18:55:47","guid":{"rendered":"https:\/\/www.fazenda.niteroi.rj.gov.br\/site\/?p=29110"},"modified":"2024-07-29T15:56:15","modified_gmt":"2024-07-29T18:56:15","slug":"agenda-29-07-2024-segunda-feira","status":"publish","type":"post","link":"https:\/\/www.fazenda.niteroi.rj.gov.br\/site\/agenda-29-07-2024-segunda-feira\/","title":{"rendered":"Agenda 29.07.2024 Segunda-feira"},"content":{"rendered":"\n<p>10h<br>Reuni\u00e3o com o Subs de Finan\u00e7as Sr. Heitor Moreira, Subs. de Moderniza\u00e7\u00e3o Sr. Haroldo Almeida, Diretor Sr. Lucas Paz, Subs da SEDEN Sr. Igor Baldez, Diretor do TI Sr. Jo\u00e3o Costa e Sra. Adriana Queiroz &#8211; SEPLAG.<br>Pauta: Novo Boletim Movimento Econ\u00f4mico<br>Local: SMF<\/p>\n\n\n\n<p>12h30<br>Ensaio da Equipe SMF para Semin\u00e1rio de Reforma tribut\u00e1ria<br>Local: Sala Nelson Pereira dos Santos<\/p>\n\n\n\n<p>14h30<br>Reuni\u00e3o com Subs de Contabilidade Sra. Fernanda Rodrigues, Subs de Finan\u00e7as \u2013 Sr. Heitor Moreira e Assessora de Planejamento Sra. Ingrid Lucas.<br>Pauta: Avalia\u00e7\u00e3o Planejamento Contabilidade<br>Local: SMF<\/p>\n","protected":false},"excerpt":{"rendered":"<p>10hReuni\u00e3o com o Subs de Finan\u00e7as Sr. Heitor Moreira, Subs. de Moderniza\u00e7\u00e3o Sr. Haroldo Almeida, Diretor Sr. Lucas Paz, Subs da SEDEN Sr. Igor Baldez, Diretor do TI Sr. Jo\u00e3o [&hellip;]<\/p>\n","protected":false},"author":38,"featured_media":0,"comment_status":"closed","ping_status":"closed","sticky":false,"template":"","format":"standard","meta":{"_et_pb_use_builder":"","_et_pb_old_content":"","_et_gb_content_width":"","_usar_header_alternativo":false,"footnotes":""},"categories":[394],"tags":[397,452],"class_list":["post-29110","post","type-post","status-publish","format-standard","hentry","category-agenda","tag-agenda-da-secretaria","tag-transparencia","et-doesnt-have-format-content","et_post_format-et-post-format-standard"],"_links":{"self":[{"href":"https:\/\/www.fazenda.niteroi.rj.gov.br\/site\/wp-json\/wp\/v2\/posts\/29110","targetHints":{"allow":["GET"]}}],"collection":[{"href":"https:\/\/www.fazenda.niteroi.rj.gov.br\/site\/wp-json\/wp\/v2\/posts"}],"about":[{"href":"https:\/\/www.fazenda.niteroi.rj.gov.br\/site\/wp-json\/wp\/v2\/types\/post"}],"author":[{"embeddable":true,"href":"https:\/\/www.fazenda.niteroi.rj.gov.br\/site\/wp-json\/wp\/v2\/users\/38"}],"replies":[{"embeddable":true,"href":"https:\/\/www.fazenda.niteroi.rj.gov.br\/site\/wp-json\/wp\/v2\/comments?post=29110"}],"version-history":[{"count":1,"href":"https:\/\/www.fazenda.niteroi.rj.gov.br\/site\/wp-json\/wp\/v2\/posts\/29110\/revisions"}],"predecessor-version":[{"id":29113,"href":"https:\/\/www.fazenda.niteroi.rj.gov.br\/site\/wp-json\/wp\/v2\/posts\/29110\/revisions\/29113"}],"wp:attachment":[{"href":"https:\/\/www.fazenda.niteroi.rj.gov.br\/site\/wp-json\/wp\/v2\/media?parent=29110"}],"wp:term":[{"taxonomy":"category","embeddable":true,"href":"https:\/\/www.fazenda.niteroi.rj.gov.br\/site\/wp-json\/wp\/v2\/categories?post=29110"},{"taxonomy":"post_tag","embeddable":true,"href":"https:\/\/www.fazenda.niteroi.rj.gov.br\/site\/wp-json\/wp\/v2\/tags?post=29110"}],"curies":[{"name":"wp","href":"https:\/\/api.w.org\/{rel}","templated":true}]}}