{"id":29116,"date":"2024-07-29T16:13:38","date_gmt":"2024-07-29T19:13:38","guid":{"rendered":"https:\/\/www.fazenda.niteroi.rj.gov.br\/site\/?p=29116"},"modified":"2024-07-29T16:47:38","modified_gmt":"2024-07-29T19:47:38","slug":"acordao-no-2396-2019","status":"publish","type":"post","link":"https:\/\/www.fazenda.niteroi.rj.gov.br\/site\/acordao-no-2396-2019\/","title":{"rendered":"Ac\u00f3rd\u00e3o n\u00ba 2396\/2019"},"content":{"rendered":"\n<ul class=\"wp-block-list\">\n<li>1129\u00aa Sess\u00e3o Ordin\u00e1ria, de 17\/07\/2019<\/li>\n\n\n\n<li>Processo: 030\/020576\/2017 (Processo espelho 030\/011122\/2021)<\/li>\n\n\n\n<li>Recorrente: TEIXEIRA TRINO ADVOGADOS ASSOCIADOS<\/li>\n\n\n\n<li>\u201cEmenta: <strong>Recurso volunt\u00e1rio \u2013 ISSQN \u2013 Auto de Infra\u00e7\u00e3o n\u00ba 52923 \u2013 Intempestividade do recurso reconhecida deixando-se de reconhecer os argumentos de defesa apresentados \u2013 Revis\u00e3o administrativa ao lan\u00e7amento \u2013 Nulidades ocorridas no procedimento preparat\u00f3rio para o lan\u00e7amento \u2013 Princ\u00edpio da legalidade \u2013 Intelig\u00eancia do disposto no art. 142 do CTN \u2013 Prorroga\u00e7\u00e3o de prazo por servidor incompetente para o ato \u2013 Prerrogativa exclusiva do Coordenador de Fiscaliza\u00e7\u00e3o (FCPF) \u2013 Falta de Notifica\u00e7\u00e3o ao contribuinte da prorroga\u00e7\u00e3o \u2013 Aus\u00eancia de elemento para a validade do ato administrativo \u2013 V\u00edcio de compet\u00eancia.\u201d<\/strong><\/li>\n<\/ul>\n\n\n\n<p>Inteiro teor: <a href=\"http:\/\/020576.17\">Ac\u00f3rd\u00e3o 2396\/2019<\/a><\/p>\n","protected":false},"excerpt":{"rendered":"<p>Recurso volunt\u00e1rio \u2013 ISSQN \u2013 Auto de Infra\u00e7\u00e3o n\u00ba 52923 \u2013 Intempestividade do recurso reconhecida deixando-se de reconhecer os argumentos de defesa apresentados \u2013 Revis\u00e3o administrativa ao lan\u00e7amento \u2013 Nulidades ocorridas no procedimento preparat\u00f3rio para o lan\u00e7amento \u2013 Princ\u00edpio da legalidade \u2013 Intelig\u00eancia do disposto no art. 142 do CTN \u2013 Prorroga\u00e7\u00e3o de prazo por servidor incompetente para o ato \u2013 Prerrogativa exclusiva do Coordenador de Fiscaliza\u00e7\u00e3o (FCPF) \u2013 Falta de Notifica\u00e7\u00e3o ao contribuinte da prorroga\u00e7\u00e3o \u2013 Aus\u00eancia de elemento para a validade do ato administrativo \u2013 V\u00edcio de compet\u00eancia.\u201d<\/p>\n","protected":false},"author":4,"featured_media":0,"comment_status":"closed","ping_status":"closed","sticky":false,"template":"","format":"standard","meta":{"_et_pb_use_builder":"","_et_pb_old_content":"","_et_gb_content_width":"","_usar_header_alternativo":false,"footnotes":""},"categories":[131,126],"tags":[],"class_list":["post-29116","post","type-post","status-publish","format-standard","hentry","category-acordaos","category-ccn","et-doesnt-have-format-content","et_post_format-et-post-format-standard"],"_links":{"self":[{"href":"https:\/\/www.fazenda.niteroi.rj.gov.br\/site\/wp-json\/wp\/v2\/posts\/29116","targetHints":{"allow":["GET"]}}],"collection":[{"href":"https:\/\/www.fazenda.niteroi.rj.gov.br\/site\/wp-json\/wp\/v2\/posts"}],"about":[{"href":"https:\/\/www.fazenda.niteroi.rj.gov.br\/site\/wp-json\/wp\/v2\/types\/post"}],"author":[{"embeddable":true,"href":"https:\/\/www.fazenda.niteroi.rj.gov.br\/site\/wp-json\/wp\/v2\/users\/4"}],"replies":[{"embeddable":true,"href":"https:\/\/www.fazenda.niteroi.rj.gov.br\/site\/wp-json\/wp\/v2\/comments?post=29116"}],"version-history":[{"count":3,"href":"https:\/\/www.fazenda.niteroi.rj.gov.br\/site\/wp-json\/wp\/v2\/posts\/29116\/revisions"}],"predecessor-version":[{"id":29137,"href":"https:\/\/www.fazenda.niteroi.rj.gov.br\/site\/wp-json\/wp\/v2\/posts\/29116\/revisions\/29137"}],"wp:attachment":[{"href":"https:\/\/www.fazenda.niteroi.rj.gov.br\/site\/wp-json\/wp\/v2\/media?parent=29116"}],"wp:term":[{"taxonomy":"category","embeddable":true,"href":"https:\/\/www.fazenda.niteroi.rj.gov.br\/site\/wp-json\/wp\/v2\/categories?post=29116"},{"taxonomy":"post_tag","embeddable":true,"href":"https:\/\/www.fazenda.niteroi.rj.gov.br\/site\/wp-json\/wp\/v2\/tags?post=29116"}],"curies":[{"name":"wp","href":"https:\/\/api.w.org\/{rel}","templated":true}]}}