{"id":29161,"date":"2024-07-30T10:25:12","date_gmt":"2024-07-30T13:25:12","guid":{"rendered":"https:\/\/www.fazenda.niteroi.rj.gov.br\/site\/?p=29161"},"modified":"2024-07-30T10:25:37","modified_gmt":"2024-07-30T13:25:37","slug":"acordao-no-2409-2019","status":"publish","type":"post","link":"https:\/\/www.fazenda.niteroi.rj.gov.br\/site\/acordao-no-2409-2019\/","title":{"rendered":"Ac\u00f3rd\u00e3o n\u00ba 2409\/2019"},"content":{"rendered":"\n<ul class=\"wp-block-list\">\n<li>1135\u00aa Sess\u00e3o Ordin\u00e1ria, de 14\/08\/2019<\/li>\n\n\n\n<li>Processo: 030\/030842\/2010<\/li>\n\n\n\n<li>Recorrente: ANDRIA GUIMAR\u00c3ES DE AZEREDO<\/li>\n\n\n\n<li>\u201cEmenta: <strong>IPTU \u2013 Altera\u00e7\u00e3o de territorial para predial \u2013 Cobran\u00e7a de diferen\u00e7as. A incid\u00eancia de acr\u00e9scimos morat\u00f3rios s\u00f3 \u00e9 devida a partir da data em que o contribuinte \u00e9 cientificado do lan\u00e7amento. Recurso de of\u00edcio que se nega provimento.\u201d<\/strong><\/li>\n<\/ul>\n\n\n\n<p>Inteiro teor: <a href=\"https:\/\/www.fazenda.niteroi.rj.gov.br\/site\/wp-content\/uploads\/2024\/07\/PA-030842.10-ANDRIA-GUIMARAES-DE-AZEVEDO.pdf\">Ac\u00f3rd\u00e3o 2409\/2019<\/a><\/p>\n","protected":false},"excerpt":{"rendered":"<p>IPTU \u2013 Altera\u00e7\u00e3o de territorial para predial \u2013 Cobran\u00e7a de diferen\u00e7as. A incid\u00eancia de acr\u00e9scimos morat\u00f3rios s\u00f3 \u00e9 devida a partir da data em que o contribuinte \u00e9 cientificado do lan\u00e7amento. Recurso de of\u00edcio que se nega provimento.\u201d<\/p>\n","protected":false},"author":4,"featured_media":0,"comment_status":"closed","ping_status":"closed","sticky":false,"template":"","format":"standard","meta":{"_et_pb_use_builder":"","_et_pb_old_content":"","_et_gb_content_width":"","_usar_header_alternativo":false,"footnotes":""},"categories":[131,126],"tags":[],"class_list":["post-29161","post","type-post","status-publish","format-standard","hentry","category-acordaos","category-ccn","et-doesnt-have-format-content","et_post_format-et-post-format-standard"],"_links":{"self":[{"href":"https:\/\/www.fazenda.niteroi.rj.gov.br\/site\/wp-json\/wp\/v2\/posts\/29161","targetHints":{"allow":["GET"]}}],"collection":[{"href":"https:\/\/www.fazenda.niteroi.rj.gov.br\/site\/wp-json\/wp\/v2\/posts"}],"about":[{"href":"https:\/\/www.fazenda.niteroi.rj.gov.br\/site\/wp-json\/wp\/v2\/types\/post"}],"author":[{"embeddable":true,"href":"https:\/\/www.fazenda.niteroi.rj.gov.br\/site\/wp-json\/wp\/v2\/users\/4"}],"replies":[{"embeddable":true,"href":"https:\/\/www.fazenda.niteroi.rj.gov.br\/site\/wp-json\/wp\/v2\/comments?post=29161"}],"version-history":[{"count":1,"href":"https:\/\/www.fazenda.niteroi.rj.gov.br\/site\/wp-json\/wp\/v2\/posts\/29161\/revisions"}],"predecessor-version":[{"id":29163,"href":"https:\/\/www.fazenda.niteroi.rj.gov.br\/site\/wp-json\/wp\/v2\/posts\/29161\/revisions\/29163"}],"wp:attachment":[{"href":"https:\/\/www.fazenda.niteroi.rj.gov.br\/site\/wp-json\/wp\/v2\/media?parent=29161"}],"wp:term":[{"taxonomy":"category","embeddable":true,"href":"https:\/\/www.fazenda.niteroi.rj.gov.br\/site\/wp-json\/wp\/v2\/categories?post=29161"},{"taxonomy":"post_tag","embeddable":true,"href":"https:\/\/www.fazenda.niteroi.rj.gov.br\/site\/wp-json\/wp\/v2\/tags?post=29161"}],"curies":[{"name":"wp","href":"https:\/\/api.w.org\/{rel}","templated":true}]}}