{"id":29170,"date":"2024-07-30T10:31:48","date_gmt":"2024-07-30T13:31:48","guid":{"rendered":"https:\/\/www.fazenda.niteroi.rj.gov.br\/site\/?p=29170"},"modified":"2024-07-30T10:32:12","modified_gmt":"2024-07-30T13:32:12","slug":"acordao-no-2412-2019","status":"publish","type":"post","link":"https:\/\/www.fazenda.niteroi.rj.gov.br\/site\/acordao-no-2412-2019\/","title":{"rendered":"Ac\u00f3rd\u00e3o n\u00ba 2412\/2019"},"content":{"rendered":"\n<ul class=\"wp-block-list\">\n<li>1136\u00aa Sess\u00e3o Ordin\u00e1ria, de 21\/08\/2019<\/li>\n\n\n\n<li>Processo: 030\/012827\/2016<\/li>\n\n\n\n<li>Recorrente: AMPLA ENERGIA E SERVI\u00c7OS S\/A<\/li>\n\n\n\n<li>\u201cEmenta: <strong>ISSQN \u2013 Recurso volunt\u00e1rio. Responsabilidade tribut\u00e1ria em fun\u00e7\u00e3o de servi\u00e7os tomados de terceiros. Presta\u00e7\u00e3o de servi\u00e7os de reforma t\u00edpicos do subitem 7.05 da lista de servi\u00e7os do anexo III da Lei 2597\/2008, erroneamente tipificados no subitem 14.01 da lista mencionada. Erro de qualifica\u00e7\u00e3o do fato gerador do imposto, que resultou em v\u00edcio material na constitui\u00e7\u00e3o do cr\u00e9dito tribut\u00e1rio, implicando inclusive determina\u00e7\u00e3o err\u00f4nea da al\u00edquota aplic\u00e1vel. Servi\u00e7os de supervis\u00e3o de montagem de equipamentos que consistem em obras de engenharia executadas em Petr\u00f3polis e Concei\u00e7\u00e3o de Macabu t\u00edpicos do subitem 7.17 da lista mencionada erroneamente classificados como servi\u00e7os de montagem de equipamentos com material fornecido pelo pr\u00f3prio tomador e tipificados no subitem 1401 da lista mencionada. Imposto devido aos munic\u00edpios em cujo territ\u00f3rio foram executados os servi\u00e7os. Recurso provido.\u201d<\/strong><\/li>\n\n\n\n<li>Inteiro teor: <a href=\"https:\/\/www.fazenda.niteroi.rj.gov.br\/site\/wp-content\/uploads\/2024\/07\/PA-012827.16.pdf\">Ac\u00f3rd\u00e3o 2412\/2019<\/a><\/li>\n<\/ul>\n","protected":false},"excerpt":{"rendered":"<p>ISSQN \u2013 Recurso volunt\u00e1rio. Responsabilidade tribut\u00e1ria em fun\u00e7\u00e3o de servi\u00e7os tomados de terceiros. Presta\u00e7\u00e3o de servi\u00e7os de reforma t\u00edpicos do subitem 7.05 da lista de servi\u00e7os do anexo III da Lei 2597\/2008, erroneamente tipificados no subitem 14.01 da lista mencionada. Erro de qualifica\u00e7\u00e3o do fato gerador do imposto, que resultou em v\u00edcio material na constitui\u00e7\u00e3o do cr\u00e9dito tribut\u00e1rio, implicando inclusive determina\u00e7\u00e3o err\u00f4nea da al\u00edquota aplic\u00e1vel. Servi\u00e7os de supervis\u00e3o de montagem de equipamentos que consistem em obras de engenharia executadas em Petr\u00f3polis e Concei\u00e7\u00e3o de Macabu t\u00edpicos do subitem 7.17 da lista mencionada erroneamente classificados como servi\u00e7os de montagem de equipamentos com material fornecido pelo pr\u00f3prio tomador e tipificados no subitem 1401 da lista mencionada. Imposto devido aos munic\u00edpios em cujo territ\u00f3rio foram executados os servi\u00e7os. Recurso provido.\u201d<\/p>\n","protected":false},"author":4,"featured_media":0,"comment_status":"closed","ping_status":"closed","sticky":false,"template":"","format":"standard","meta":{"_et_pb_use_builder":"","_et_pb_old_content":"","_et_gb_content_width":"","_usar_header_alternativo":false,"footnotes":""},"categories":[131,126],"tags":[],"class_list":["post-29170","post","type-post","status-publish","format-standard","hentry","category-acordaos","category-ccn","et-doesnt-have-format-content","et_post_format-et-post-format-standard"],"_links":{"self":[{"href":"https:\/\/www.fazenda.niteroi.rj.gov.br\/site\/wp-json\/wp\/v2\/posts\/29170","targetHints":{"allow":["GET"]}}],"collection":[{"href":"https:\/\/www.fazenda.niteroi.rj.gov.br\/site\/wp-json\/wp\/v2\/posts"}],"about":[{"href":"https:\/\/www.fazenda.niteroi.rj.gov.br\/site\/wp-json\/wp\/v2\/types\/post"}],"author":[{"embeddable":true,"href":"https:\/\/www.fazenda.niteroi.rj.gov.br\/site\/wp-json\/wp\/v2\/users\/4"}],"replies":[{"embeddable":true,"href":"https:\/\/www.fazenda.niteroi.rj.gov.br\/site\/wp-json\/wp\/v2\/comments?post=29170"}],"version-history":[{"count":1,"href":"https:\/\/www.fazenda.niteroi.rj.gov.br\/site\/wp-json\/wp\/v2\/posts\/29170\/revisions"}],"predecessor-version":[{"id":29172,"href":"https:\/\/www.fazenda.niteroi.rj.gov.br\/site\/wp-json\/wp\/v2\/posts\/29170\/revisions\/29172"}],"wp:attachment":[{"href":"https:\/\/www.fazenda.niteroi.rj.gov.br\/site\/wp-json\/wp\/v2\/media?parent=29170"}],"wp:term":[{"taxonomy":"category","embeddable":true,"href":"https:\/\/www.fazenda.niteroi.rj.gov.br\/site\/wp-json\/wp\/v2\/categories?post=29170"},{"taxonomy":"post_tag","embeddable":true,"href":"https:\/\/www.fazenda.niteroi.rj.gov.br\/site\/wp-json\/wp\/v2\/tags?post=29170"}],"curies":[{"name":"wp","href":"https:\/\/api.w.org\/{rel}","templated":true}]}}