{"id":29173,"date":"2024-07-30T10:34:04","date_gmt":"2024-07-30T13:34:04","guid":{"rendered":"https:\/\/www.fazenda.niteroi.rj.gov.br\/site\/?p=29173"},"modified":"2024-07-30T10:34:29","modified_gmt":"2024-07-30T13:34:29","slug":"acordao-no-2413-2019","status":"publish","type":"post","link":"https:\/\/www.fazenda.niteroi.rj.gov.br\/site\/acordao-no-2413-2019\/","title":{"rendered":"Ac\u00f3rd\u00e3o n\u00ba 2413\/2019"},"content":{"rendered":"\n<ul class=\"wp-block-list\">\n<li>1136\u00aa Sess\u00e3o Ordin\u00e1ria, de 21\/08\/2019<\/li>\n\n\n\n<li>Processo: 030\/007900\/2018<\/li>\n\n\n\n<li>Recorrente: ANT\u00d4NIO FIORAVANTE PAVANI<\/li>\n\n\n\n<li>\u201cEmenta: <strong>IPTU \u2013 Recurso volunt\u00e1rio \u2013 Obriga\u00e7\u00e3o principal \u2013 Revis\u00e3o de lan\u00e7amento \u2013 Acr\u00e9scimo de \u00e1rea tribut\u00e1vel \u2013 Majora\u00e7\u00e3o da base de c\u00e1lculo \u2013 Decis\u00e3o de improced\u00eancia \u2013 Aus\u00eancia de intima\u00e7\u00e3o do contribuinte \u2013 Viola\u00e7\u00e3o aos princ\u00edpios da ampla defesa e contradit\u00f3rio \u2013 art. 20, III do PAT \u2013 Nulidade dos atos posteriores \u00e0 decis\u00e3o de primeira inst\u00e2ncia \u2013 Remessa do feito para nova intima\u00e7\u00e3o e reabertura do prazo recursal.\u201d<\/strong><\/li>\n\n\n\n<li>Inteiro teor: <a href=\"https:\/\/www.fazenda.niteroi.rj.gov.br\/site\/wp-content\/uploads\/2024\/07\/07900.18-ANTONIO-FIORAVANTE-PAVAN.pdf\">Ac\u00f3rd\u00e3o 2413\/2019<\/a><\/li>\n<\/ul>\n","protected":false},"excerpt":{"rendered":"<p>IPTU \u2013 Recurso volunt\u00e1rio \u2013 Obriga\u00e7\u00e3o principal \u2013 Revis\u00e3o de lan\u00e7amento \u2013 Acr\u00e9scimo de \u00e1rea tribut\u00e1vel \u2013 Majora\u00e7\u00e3o da base de c\u00e1lculo \u2013 Decis\u00e3o de improced\u00eancia \u2013 Aus\u00eancia de intima\u00e7\u00e3o do contribuinte \u2013 Viola\u00e7\u00e3o aos princ\u00edpios da ampla defesa e contradit\u00f3rio \u2013 art. 20, III do PAT \u2013 Nulidade dos atos posteriores \u00e0 decis\u00e3o de primeira inst\u00e2ncia \u2013 Remessa do feito para nova intima\u00e7\u00e3o e reabertura do prazo recursal.\u201d<\/p>\n","protected":false},"author":4,"featured_media":0,"comment_status":"closed","ping_status":"closed","sticky":false,"template":"","format":"standard","meta":{"_et_pb_use_builder":"","_et_pb_old_content":"","_et_gb_content_width":"","_usar_header_alternativo":false,"footnotes":""},"categories":[131,126],"tags":[],"class_list":["post-29173","post","type-post","status-publish","format-standard","hentry","category-acordaos","category-ccn","et-doesnt-have-format-content","et_post_format-et-post-format-standard"],"_links":{"self":[{"href":"https:\/\/www.fazenda.niteroi.rj.gov.br\/site\/wp-json\/wp\/v2\/posts\/29173","targetHints":{"allow":["GET"]}}],"collection":[{"href":"https:\/\/www.fazenda.niteroi.rj.gov.br\/site\/wp-json\/wp\/v2\/posts"}],"about":[{"href":"https:\/\/www.fazenda.niteroi.rj.gov.br\/site\/wp-json\/wp\/v2\/types\/post"}],"author":[{"embeddable":true,"href":"https:\/\/www.fazenda.niteroi.rj.gov.br\/site\/wp-json\/wp\/v2\/users\/4"}],"replies":[{"embeddable":true,"href":"https:\/\/www.fazenda.niteroi.rj.gov.br\/site\/wp-json\/wp\/v2\/comments?post=29173"}],"version-history":[{"count":1,"href":"https:\/\/www.fazenda.niteroi.rj.gov.br\/site\/wp-json\/wp\/v2\/posts\/29173\/revisions"}],"predecessor-version":[{"id":29175,"href":"https:\/\/www.fazenda.niteroi.rj.gov.br\/site\/wp-json\/wp\/v2\/posts\/29173\/revisions\/29175"}],"wp:attachment":[{"href":"https:\/\/www.fazenda.niteroi.rj.gov.br\/site\/wp-json\/wp\/v2\/media?parent=29173"}],"wp:term":[{"taxonomy":"category","embeddable":true,"href":"https:\/\/www.fazenda.niteroi.rj.gov.br\/site\/wp-json\/wp\/v2\/categories?post=29173"},{"taxonomy":"post_tag","embeddable":true,"href":"https:\/\/www.fazenda.niteroi.rj.gov.br\/site\/wp-json\/wp\/v2\/tags?post=29173"}],"curies":[{"name":"wp","href":"https:\/\/api.w.org\/{rel}","templated":true}]}}