{"id":29254,"date":"2024-07-30T11:35:14","date_gmt":"2024-07-30T14:35:14","guid":{"rendered":"https:\/\/www.fazenda.niteroi.rj.gov.br\/site\/?p=29254"},"modified":"2024-07-30T11:35:42","modified_gmt":"2024-07-30T14:35:42","slug":"acordao-no-2439-2019","status":"publish","type":"post","link":"https:\/\/www.fazenda.niteroi.rj.gov.br\/site\/acordao-no-2439-2019\/","title":{"rendered":"Ac\u00f3rd\u00e3o n\u00ba 2439\/2019"},"content":{"rendered":"\n<ul class=\"wp-block-list\">\n<li>1143\u00aa Sess\u00e3o Ordin\u00e1ria, de 25\/09\/2019<\/li>\n\n\n\n<li>Processo: 030\/006976\/2018<\/li>\n\n\n\n<li>Recorrente: PLURAL GEST\u00c3O EM PLANOS DE SA\u00daDE LTDA<\/li>\n\n\n\n<li><strong>\u201c<\/strong>Ementa: <strong>ISSQN \u2013 Recurso volunt\u00e1rio \u2013 Obriga\u00e7\u00e3o acess\u00f3ria \u2013 Lan\u00e7amento de of\u00edcio \u2013 Administradora de benef\u00edcios de plano de sa\u00fade \u2013 Emiss\u00e3o de nota fiscal em desacordo com os requisitos regulamentares \u2013 recurso conhecido e n\u00e3o provido.\u201d<\/strong><\/li>\n<\/ul>\n\n\n\n<p>Inteiro teor:<a href=\"https:\/\/www.fazenda.niteroi.rj.gov.br\/site\/wp-content\/uploads\/2024\/07\/PA-06976.18-PLURAL-GESTAO-EM-PLANOS-DE-SAUDE.pdf\"> Ac\u00f3rd\u00e3o 2439\/2019<\/a><\/p>\n","protected":false},"excerpt":{"rendered":"<p> ISSQN \u2013 Recurso volunt\u00e1rio \u2013 Obriga\u00e7\u00e3o acess\u00f3ria \u2013 Lan\u00e7amento de of\u00edcio \u2013 Administradora de benef\u00edcios de plano de sa\u00fade \u2013 Emiss\u00e3o de nota fiscal em desacordo com os requisitos regulamentares \u2013 recurso conhecido e n\u00e3o provido.\u201d<\/p>\n","protected":false},"author":4,"featured_media":0,"comment_status":"closed","ping_status":"closed","sticky":false,"template":"","format":"standard","meta":{"_et_pb_use_builder":"","_et_pb_old_content":"","_et_gb_content_width":"","_usar_header_alternativo":false,"footnotes":""},"categories":[131,126],"tags":[],"class_list":["post-29254","post","type-post","status-publish","format-standard","hentry","category-acordaos","category-ccn","et-doesnt-have-format-content","et_post_format-et-post-format-standard"],"_links":{"self":[{"href":"https:\/\/www.fazenda.niteroi.rj.gov.br\/site\/wp-json\/wp\/v2\/posts\/29254","targetHints":{"allow":["GET"]}}],"collection":[{"href":"https:\/\/www.fazenda.niteroi.rj.gov.br\/site\/wp-json\/wp\/v2\/posts"}],"about":[{"href":"https:\/\/www.fazenda.niteroi.rj.gov.br\/site\/wp-json\/wp\/v2\/types\/post"}],"author":[{"embeddable":true,"href":"https:\/\/www.fazenda.niteroi.rj.gov.br\/site\/wp-json\/wp\/v2\/users\/4"}],"replies":[{"embeddable":true,"href":"https:\/\/www.fazenda.niteroi.rj.gov.br\/site\/wp-json\/wp\/v2\/comments?post=29254"}],"version-history":[{"count":1,"href":"https:\/\/www.fazenda.niteroi.rj.gov.br\/site\/wp-json\/wp\/v2\/posts\/29254\/revisions"}],"predecessor-version":[{"id":29256,"href":"https:\/\/www.fazenda.niteroi.rj.gov.br\/site\/wp-json\/wp\/v2\/posts\/29254\/revisions\/29256"}],"wp:attachment":[{"href":"https:\/\/www.fazenda.niteroi.rj.gov.br\/site\/wp-json\/wp\/v2\/media?parent=29254"}],"wp:term":[{"taxonomy":"category","embeddable":true,"href":"https:\/\/www.fazenda.niteroi.rj.gov.br\/site\/wp-json\/wp\/v2\/categories?post=29254"},{"taxonomy":"post_tag","embeddable":true,"href":"https:\/\/www.fazenda.niteroi.rj.gov.br\/site\/wp-json\/wp\/v2\/tags?post=29254"}],"curies":[{"name":"wp","href":"https:\/\/api.w.org\/{rel}","templated":true}]}}