{"id":29257,"date":"2024-07-30T11:37:33","date_gmt":"2024-07-30T14:37:33","guid":{"rendered":"https:\/\/www.fazenda.niteroi.rj.gov.br\/site\/?p=29257"},"modified":"2024-07-30T11:37:57","modified_gmt":"2024-07-30T14:37:57","slug":"acordao-no-2440-2019","status":"publish","type":"post","link":"https:\/\/www.fazenda.niteroi.rj.gov.br\/site\/acordao-no-2440-2019\/","title":{"rendered":"Ac\u00f3rd\u00e3o n\u00ba 2440\/2019"},"content":{"rendered":"\n<ul class=\"wp-block-list\">\n<li>1144\u00aa Sess\u00e3o Ordin\u00e1ria, de 25\/09\/2019<\/li>\n\n\n\n<li>Processo: 030\/025079\/2019<\/li>\n\n\n\n<li>Recorrente: ESTALEIRO BRASAS LTDA<\/li>\n\n\n\n<li>\u201cEmenta: <strong>Pedido de esclarecimento referente ao ac\u00f3rd\u00e3o n\u00ba 2401\/2019. Alega\u00e7\u00e3o de omiss\u00f5es no ac\u00f3rd\u00e3o exarado pelo Conselho de Contribuintes. O ac\u00f3rd\u00e3o exarado pelo Conselho de Contribuintes deve conter somente o necess\u00e1rio e suficiente para comunicar ao recorrente sobre a decis\u00e3o e seus efeitos. Inexist\u00eancia de qualquer omiss\u00e3o no ac\u00f3rd\u00e3o que possa ter deixado em d\u00favida o recorrente quanto ao sentido da decis\u00e3o tomada pelo Conselho. Ac\u00f3rd\u00e3o que se apresenta absolutamente claro e transparente, possibilitando ao recorrente um perfeito entendimento da decis\u00e3o tomada pelo Conselho. Argumentos feitos pelo recorrente que se afiguram contr\u00e1rios \u00e0 legisla\u00e7\u00e3o do munic\u00edpio n\u00e3o devem ser levados em considera\u00e7\u00e3o nas decis\u00f5es tomadas pelo Conselho de Contribuintes. Na forma\u00e7\u00e3o do seu convencimento, o \u00f3rg\u00e3o julgador n\u00e3o est\u00e1 obrigado a examinar todos os questionamentos suscitados pelas partes, sendo suficiente que a decis\u00e3o esteja fundamentada para justificar a conclus\u00e3o adotada. Pedido de esclarecimento conhecido e n\u00e3o provido.\u201d<\/strong><\/li>\n\n\n\n<li>Inteiro teor:<a href=\"https:\/\/www.fazenda.niteroi.rj.gov.br\/site\/wp-content\/uploads\/2024\/07\/PA-012501.17-PEDIDO-DE-ESCLAREC.-PA-025079.19.pdf\"> Ac\u00f3rd\u00e3o 2440\/2019<\/a><\/li>\n<\/ul>\n","protected":false},"excerpt":{"rendered":"<p>Pedido de esclarecimento referente ao ac\u00f3rd\u00e3o n\u00ba 2401\/2019. Alega\u00e7\u00e3o de omiss\u00f5es no ac\u00f3rd\u00e3o exarado pelo Conselho de Contribuintes. O ac\u00f3rd\u00e3o exarado pelo Conselho de Contribuintes deve conter somente o necess\u00e1rio e suficiente para comunicar ao recorrente sobre a decis\u00e3o e seus efeitos. Inexist\u00eancia de qualquer omiss\u00e3o no ac\u00f3rd\u00e3o que possa ter deixado em d\u00favida o recorrente quanto ao sentido da decis\u00e3o tomada pelo Conselho. Ac\u00f3rd\u00e3o que se apresenta absolutamente claro e transparente, possibilitando ao recorrente um perfeito entendimento da decis\u00e3o tomada pelo Conselho. Argumentos feitos pelo recorrente que se afiguram contr\u00e1rios \u00e0 legisla\u00e7\u00e3o do munic\u00edpio n\u00e3o devem ser levados em considera\u00e7\u00e3o nas decis\u00f5es tomadas pelo Conselho de Contribuintes. Na forma\u00e7\u00e3o do seu convencimento, o \u00f3rg\u00e3o julgador n\u00e3o est\u00e1 obrigado a examinar todos os questionamentos suscitados pelas partes, sendo suficiente que a decis\u00e3o esteja fundamentada para justificar a conclus\u00e3o adotada. Pedido de esclarecimento conhecido e n\u00e3o provido.\u201d<\/p>\n","protected":false},"author":4,"featured_media":0,"comment_status":"closed","ping_status":"closed","sticky":false,"template":"","format":"standard","meta":{"_et_pb_use_builder":"","_et_pb_old_content":"","_et_gb_content_width":"","_usar_header_alternativo":false,"footnotes":""},"categories":[131,126],"tags":[],"class_list":["post-29257","post","type-post","status-publish","format-standard","hentry","category-acordaos","category-ccn","et-doesnt-have-format-content","et_post_format-et-post-format-standard"],"_links":{"self":[{"href":"https:\/\/www.fazenda.niteroi.rj.gov.br\/site\/wp-json\/wp\/v2\/posts\/29257","targetHints":{"allow":["GET"]}}],"collection":[{"href":"https:\/\/www.fazenda.niteroi.rj.gov.br\/site\/wp-json\/wp\/v2\/posts"}],"about":[{"href":"https:\/\/www.fazenda.niteroi.rj.gov.br\/site\/wp-json\/wp\/v2\/types\/post"}],"author":[{"embeddable":true,"href":"https:\/\/www.fazenda.niteroi.rj.gov.br\/site\/wp-json\/wp\/v2\/users\/4"}],"replies":[{"embeddable":true,"href":"https:\/\/www.fazenda.niteroi.rj.gov.br\/site\/wp-json\/wp\/v2\/comments?post=29257"}],"version-history":[{"count":1,"href":"https:\/\/www.fazenda.niteroi.rj.gov.br\/site\/wp-json\/wp\/v2\/posts\/29257\/revisions"}],"predecessor-version":[{"id":29259,"href":"https:\/\/www.fazenda.niteroi.rj.gov.br\/site\/wp-json\/wp\/v2\/posts\/29257\/revisions\/29259"}],"wp:attachment":[{"href":"https:\/\/www.fazenda.niteroi.rj.gov.br\/site\/wp-json\/wp\/v2\/media?parent=29257"}],"wp:term":[{"taxonomy":"category","embeddable":true,"href":"https:\/\/www.fazenda.niteroi.rj.gov.br\/site\/wp-json\/wp\/v2\/categories?post=29257"},{"taxonomy":"post_tag","embeddable":true,"href":"https:\/\/www.fazenda.niteroi.rj.gov.br\/site\/wp-json\/wp\/v2\/tags?post=29257"}],"curies":[{"name":"wp","href":"https:\/\/api.w.org\/{rel}","templated":true}]}}