{"id":29397,"date":"2024-07-31T15:56:07","date_gmt":"2024-07-31T18:56:07","guid":{"rendered":"https:\/\/www.fazenda.niteroi.rj.gov.br\/site\/?p=29397"},"modified":"2024-07-31T15:56:33","modified_gmt":"2024-07-31T18:56:33","slug":"acordao-no-2481-2019","status":"publish","type":"post","link":"https:\/\/www.fazenda.niteroi.rj.gov.br\/site\/acordao-no-2481-2019\/","title":{"rendered":"Ac\u00f3rd\u00e3o n\u00ba 2481\/2019"},"content":{"rendered":"\n<ul class=\"wp-block-list\">\n<li>1159\u00aa Sess\u00e3o Ordin\u00e1ria, de 04\/12\/2019<\/li>\n\n\n\n<li>Processo: 030\/022826\/2019<\/li>\n\n\n\n<li>Recorrente: THAISA ALCOFORADO DE ALMEIDA<\/li>\n\n\n\n<li><strong>\u201c<\/strong>Ementa:<strong> ITBI \u2013 Revis\u00e3o de lan\u00e7amento. \u00c9 facultado ao \u00f3rg\u00e3o fazend\u00e1rio, na forma prevista no art. 48, par\u00e1g. 2\u00ba do CTM, rever o valor atribu\u00eddo no laudo prim\u00e1rio, se devidamente constatado pela nova avalia\u00e7\u00e3o as argumenta\u00e7\u00f5es do contribuinte em sua impugna\u00e7\u00e3o. Recurso de of\u00edcio n\u00e3o provido.\u201d<\/strong><\/li>\n\n\n\n<li>Inteiro teor:<a href=\"https:\/\/www.fazenda.niteroi.rj.gov.br\/site\/wp-content\/uploads\/2024\/07\/PA-022826.19-FLS.-58-A-71.pdf\"> Ac\u00f3rd\u00e3o 2481\/2019<\/a><\/li>\n<\/ul>\n","protected":false},"excerpt":{"rendered":"<p> ITBI \u2013 Revis\u00e3o de lan\u00e7amento. \u00c9 facultado ao \u00f3rg\u00e3o fazend\u00e1rio, na forma prevista no art. 48, par\u00e1g. 2\u00ba do CTM, rever o valor atribu\u00eddo no laudo prim\u00e1rio, se devidamente constatado pela nova avalia\u00e7\u00e3o as argumenta\u00e7\u00f5es do contribuinte em sua impugna\u00e7\u00e3o. Recurso de of\u00edcio n\u00e3o provido.\u201d<\/p>\n","protected":false},"author":4,"featured_media":0,"comment_status":"closed","ping_status":"closed","sticky":false,"template":"","format":"standard","meta":{"_et_pb_use_builder":"","_et_pb_old_content":"","_et_gb_content_width":"","_usar_header_alternativo":false,"footnotes":""},"categories":[131,126],"tags":[],"class_list":["post-29397","post","type-post","status-publish","format-standard","hentry","category-acordaos","category-ccn","et-doesnt-have-format-content","et_post_format-et-post-format-standard"],"_links":{"self":[{"href":"https:\/\/www.fazenda.niteroi.rj.gov.br\/site\/wp-json\/wp\/v2\/posts\/29397","targetHints":{"allow":["GET"]}}],"collection":[{"href":"https:\/\/www.fazenda.niteroi.rj.gov.br\/site\/wp-json\/wp\/v2\/posts"}],"about":[{"href":"https:\/\/www.fazenda.niteroi.rj.gov.br\/site\/wp-json\/wp\/v2\/types\/post"}],"author":[{"embeddable":true,"href":"https:\/\/www.fazenda.niteroi.rj.gov.br\/site\/wp-json\/wp\/v2\/users\/4"}],"replies":[{"embeddable":true,"href":"https:\/\/www.fazenda.niteroi.rj.gov.br\/site\/wp-json\/wp\/v2\/comments?post=29397"}],"version-history":[{"count":1,"href":"https:\/\/www.fazenda.niteroi.rj.gov.br\/site\/wp-json\/wp\/v2\/posts\/29397\/revisions"}],"predecessor-version":[{"id":29399,"href":"https:\/\/www.fazenda.niteroi.rj.gov.br\/site\/wp-json\/wp\/v2\/posts\/29397\/revisions\/29399"}],"wp:attachment":[{"href":"https:\/\/www.fazenda.niteroi.rj.gov.br\/site\/wp-json\/wp\/v2\/media?parent=29397"}],"wp:term":[{"taxonomy":"category","embeddable":true,"href":"https:\/\/www.fazenda.niteroi.rj.gov.br\/site\/wp-json\/wp\/v2\/categories?post=29397"},{"taxonomy":"post_tag","embeddable":true,"href":"https:\/\/www.fazenda.niteroi.rj.gov.br\/site\/wp-json\/wp\/v2\/tags?post=29397"}],"curies":[{"name":"wp","href":"https:\/\/api.w.org\/{rel}","templated":true}]}}