{"id":29419,"date":"2024-07-31T16:12:14","date_gmt":"2024-07-31T19:12:14","guid":{"rendered":"https:\/\/www.fazenda.niteroi.rj.gov.br\/site\/?p=29419"},"modified":"2024-07-31T16:12:47","modified_gmt":"2024-07-31T19:12:47","slug":"acordao-no-2488-2019","status":"publish","type":"post","link":"https:\/\/www.fazenda.niteroi.rj.gov.br\/site\/acordao-no-2488-2019\/","title":{"rendered":"Ac\u00f3rd\u00e3o n\u00ba 2488\/2019"},"content":{"rendered":"\n<ul class=\"wp-block-list\">\n<li>1162\u00aa Sess\u00e3o Ordin\u00e1ria, de 16\/12\/2019<\/li>\n\n\n\n<li>Processo: 030\/028770\/2017<\/li>\n\n\n\n<li>Recorrente: BRUNO SOUZA SOARES<\/li>\n\n\n\n<li><strong>\u201c<\/strong>Ementa<strong>: IPTU \u2013 Recurso volunt\u00e1rio \u2013 Obriga\u00e7\u00e3o principal \u2013 Impugna\u00e7\u00e3o de lan\u00e7amento complementar \u2013 Ilegalidade passiva \u2013 Recurso n\u00e3o conhecido.\u201d<\/strong><\/li>\n<\/ul>\n\n\n\n<p>Inteiro teor: <a href=\"https:\/\/www.fazenda.niteroi.rj.gov.br\/site\/wp-content\/uploads\/2024\/07\/PA-028770.17-BRUNO-SOUZA-SOARES.pdf\">Ac\u00f3rd\u00e3o 2488\/2019<\/a><\/p>\n","protected":false},"excerpt":{"rendered":"<p>IPTU \u2013 Recurso volunt\u00e1rio \u2013 Obriga\u00e7\u00e3o principal \u2013 Impugna\u00e7\u00e3o de lan\u00e7amento complementar \u2013 Ilegalidade passiva \u2013 Recurso n\u00e3o conhecido.<\/p>\n","protected":false},"author":4,"featured_media":0,"comment_status":"closed","ping_status":"closed","sticky":false,"template":"","format":"standard","meta":{"_et_pb_use_builder":"","_et_pb_old_content":"","_et_gb_content_width":"","_usar_header_alternativo":false,"footnotes":""},"categories":[131,126],"tags":[],"class_list":["post-29419","post","type-post","status-publish","format-standard","hentry","category-acordaos","category-ccn","et-doesnt-have-format-content","et_post_format-et-post-format-standard"],"_links":{"self":[{"href":"https:\/\/www.fazenda.niteroi.rj.gov.br\/site\/wp-json\/wp\/v2\/posts\/29419","targetHints":{"allow":["GET"]}}],"collection":[{"href":"https:\/\/www.fazenda.niteroi.rj.gov.br\/site\/wp-json\/wp\/v2\/posts"}],"about":[{"href":"https:\/\/www.fazenda.niteroi.rj.gov.br\/site\/wp-json\/wp\/v2\/types\/post"}],"author":[{"embeddable":true,"href":"https:\/\/www.fazenda.niteroi.rj.gov.br\/site\/wp-json\/wp\/v2\/users\/4"}],"replies":[{"embeddable":true,"href":"https:\/\/www.fazenda.niteroi.rj.gov.br\/site\/wp-json\/wp\/v2\/comments?post=29419"}],"version-history":[{"count":1,"href":"https:\/\/www.fazenda.niteroi.rj.gov.br\/site\/wp-json\/wp\/v2\/posts\/29419\/revisions"}],"predecessor-version":[{"id":29421,"href":"https:\/\/www.fazenda.niteroi.rj.gov.br\/site\/wp-json\/wp\/v2\/posts\/29419\/revisions\/29421"}],"wp:attachment":[{"href":"https:\/\/www.fazenda.niteroi.rj.gov.br\/site\/wp-json\/wp\/v2\/media?parent=29419"}],"wp:term":[{"taxonomy":"category","embeddable":true,"href":"https:\/\/www.fazenda.niteroi.rj.gov.br\/site\/wp-json\/wp\/v2\/categories?post=29419"},{"taxonomy":"post_tag","embeddable":true,"href":"https:\/\/www.fazenda.niteroi.rj.gov.br\/site\/wp-json\/wp\/v2\/tags?post=29419"}],"curies":[{"name":"wp","href":"https:\/\/api.w.org\/{rel}","templated":true}]}}