{"id":29645,"date":"2024-08-22T16:54:50","date_gmt":"2024-08-22T19:54:50","guid":{"rendered":"https:\/\/www.fazenda.niteroi.rj.gov.br\/site\/?p=29645"},"modified":"2024-08-23T09:48:18","modified_gmt":"2024-08-23T12:48:18","slug":"prefeitura-municipal-de-niteroi-46","status":"publish","type":"post","link":"https:\/\/www.fazenda.niteroi.rj.gov.br\/site\/prefeitura-municipal-de-niteroi-46\/","title":{"rendered":"PREFEITURA MUNICIPAL DE NITER\u00d3I"},"content":{"rendered":"\n<p><strong><u>CONSELHO DE CONTRIBUINTES DO MUNIC\u00cdPIO DE NITER\u00d3I \u2013 CC<\/u><\/strong><\/p>\n\n\n\n<p><strong>REUNI\u00c3O PARA JULGAMENTOS DE RECURSOS, A SER REALIZADA NO <u>DIA &nbsp;&nbsp;28 DE AGOSTO DE 2024<\/u>, &nbsp;COM IN\u00cdCIO LOGO AP\u00d3S O TERMINO DA SESS\u00c3O DE N\u00ba 1530, EM SESS\u00c3O PRESENCIAL ABERTA AO P\u00daBLICO.<\/strong><\/p>\n\n\n\n<p><strong><u>Pauta de Julgamentos<\/u><\/strong><\/p>\n\n\n\n<p><strong>(Art. 15, \u00a7 3\u00ba, da Lei n\u00ba 2.228\/2005 e Art. 76 do Decreto n\u00ba 9.735\/2005 e Art. 4\u00ba da Resolu\u00e7\u00e3o n\u00ba 01\/2020 do Conselho de Contribuintes do Munic\u00edpio de Niter\u00f3i)<\/strong><\/p>\n\n\n\n<p><strong><u>1.531\u00aa Sess\u00e3o Ordin\u00e1ria:<\/u><\/strong><\/p>\n\n\n\n<ul class=\"wp-block-list\">\n<li><strong>PROCESSO: 030\/011575\/2022<\/strong><\/li>\n<\/ul>\n\n\n\n<p><strong>RECORRENTE: \u00a0<\/strong>FAZENDA P\u00daBLICA MUNICIPAL<\/p>\n\n\n\n<p><strong>RECORRIDO: <\/strong>ESP\u00d3LIO DE TRIST\u00c3O MARTINS FILHO<\/p>\n\n\n\n<p><strong>REP. DA FAZENDA: <\/strong>MARIA ELISA VIDAL BERNARDO<\/p>\n\n\n\n<p><strong>RELATOR: LUIZ CLAUDIO OLIVEIRA MOREIRA<\/strong><\/p>\n\n\n\n<p><strong>&nbsp;&nbsp;&nbsp;&nbsp;&nbsp;&nbsp;&nbsp;&nbsp;&nbsp;&nbsp;&nbsp; _________________________________________________________________<\/strong><\/p>\n\n\n\n<ul class=\"wp-block-list\">\n<li><strong>PROCESSO: 030\/0<\/strong>01788\/2023<\/li>\n<\/ul>\n\n\n\n<p><strong>RECORRENTE:\u00a0 <\/strong>FAZENDA P\u00daBLICA MUNICIPAL<\/p>\n\n\n\n<p><strong>RECORRIDO: <\/strong>ESP\u00d3LIO DE TRIST\u00c3O MARTINS FILHO<\/p>\n\n\n\n<p><strong>REP. DA FAZENDA: <\/strong>MARIA ELISA VIDAL BERNARDO <\/p>\n\n\n\n<p><strong>RELATOR: LUIZ CLAUDIO OLIVEIRA MOREIRA<\/strong><\/p>\n\n\n\n<p>&nbsp;&nbsp;&nbsp;&nbsp;&nbsp;&nbsp;&nbsp;&nbsp;&nbsp;&nbsp;&nbsp; _________________________________________________________________<\/p>\n\n\n\n<ul class=\"wp-block-list\">\n<li><strong>PROCESSO: 030\/007585\/2022<\/strong><\/li>\n<\/ul>\n\n\n\n<p><strong>RECORRENTE:&nbsp; PAULO ROBERTO DE SOUZA REIS<\/strong><\/p>\n\n\n\n<p><strong>RECORRIDO: FAZENDA P\u00daBLICA MUNICIPAL<\/strong><\/p>\n\n\n\n<p><strong>REP. DA FAZENDA:&nbsp; RAFAEL HENZE PIMENTEL<\/strong><\/p>\n\n\n\n<p><strong>RELATOR: RODRIGO FULGONI BRANCO<\/strong><\/p>\n\n\n\n<p><strong>&nbsp;&nbsp;&nbsp;&nbsp;&nbsp;&nbsp;&nbsp;&nbsp;&nbsp;&nbsp;&nbsp; <\/strong>_________________________________________________________________<\/p>\n\n\n\n<p>CC em 22 de agosto de 2024<\/p>\n","protected":false},"excerpt":{"rendered":"<p>CONSELHO DE CONTRIBUINTES DO MUNIC\u00cdPIO DE NITER\u00d3I \u2013 CC REUNI\u00c3O PARA JULGAMENTOS DE RECURSOS, A SER REALIZADA NO DIA &nbsp;&nbsp;28 DE AGOSTO DE 2024, &nbsp;COM IN\u00cdCIO LOGO AP\u00d3S O TERMINO [&hellip;]<\/p>\n","protected":false},"author":4,"featured_media":0,"comment_status":"closed","ping_status":"closed","sticky":false,"template":"","format":"standard","meta":{"_et_pb_use_builder":"","_et_pb_old_content":"","_et_gb_content_width":"","_usar_header_alternativo":false,"footnotes":""},"categories":[126,132],"tags":[],"class_list":["post-29645","post","type-post","status-publish","format-standard","hentry","category-ccn","category-pautas","et-doesnt-have-format-content","et_post_format-et-post-format-standard"],"_links":{"self":[{"href":"https:\/\/www.fazenda.niteroi.rj.gov.br\/site\/wp-json\/wp\/v2\/posts\/29645","targetHints":{"allow":["GET"]}}],"collection":[{"href":"https:\/\/www.fazenda.niteroi.rj.gov.br\/site\/wp-json\/wp\/v2\/posts"}],"about":[{"href":"https:\/\/www.fazenda.niteroi.rj.gov.br\/site\/wp-json\/wp\/v2\/types\/post"}],"author":[{"embeddable":true,"href":"https:\/\/www.fazenda.niteroi.rj.gov.br\/site\/wp-json\/wp\/v2\/users\/4"}],"replies":[{"embeddable":true,"href":"https:\/\/www.fazenda.niteroi.rj.gov.br\/site\/wp-json\/wp\/v2\/comments?post=29645"}],"version-history":[{"count":3,"href":"https:\/\/www.fazenda.niteroi.rj.gov.br\/site\/wp-json\/wp\/v2\/posts\/29645\/revisions"}],"predecessor-version":[{"id":29652,"href":"https:\/\/www.fazenda.niteroi.rj.gov.br\/site\/wp-json\/wp\/v2\/posts\/29645\/revisions\/29652"}],"wp:attachment":[{"href":"https:\/\/www.fazenda.niteroi.rj.gov.br\/site\/wp-json\/wp\/v2\/media?parent=29645"}],"wp:term":[{"taxonomy":"category","embeddable":true,"href":"https:\/\/www.fazenda.niteroi.rj.gov.br\/site\/wp-json\/wp\/v2\/categories?post=29645"},{"taxonomy":"post_tag","embeddable":true,"href":"https:\/\/www.fazenda.niteroi.rj.gov.br\/site\/wp-json\/wp\/v2\/tags?post=29645"}],"curies":[{"name":"wp","href":"https:\/\/api.w.org\/{rel}","templated":true}]}}