{"id":29656,"date":"2024-08-22T16:47:41","date_gmt":"2024-08-22T19:47:41","guid":{"rendered":"https:\/\/www.fazenda.niteroi.rj.gov.br\/site\/?p=29656"},"modified":"2024-08-23T16:49:45","modified_gmt":"2024-08-23T19:49:45","slug":"agenda-22-08-2024-quinta-feira","status":"publish","type":"post","link":"https:\/\/www.fazenda.niteroi.rj.gov.br\/site\/agenda-22-08-2024-quinta-feira\/","title":{"rendered":"Agenda 22.08.2024 Quinta-feira"},"content":{"rendered":"\n<p>10h<br>Despacho interno com a Assessora da ASPLAN Sra. Gabriela Lauria<br>Pauta: Apresenta\u00e7\u00e3o Imers\u00e3o FGV &#8211; SP<\/p>\n\n\n\n<p>11h<br>Despacho interno com a Superintendente Jur\u00eddica Sra. Ana Clara<br>Pauta: Processos para homologa\u00e7\u00e3o<br>16<br>Reuni\u00e3o com o Sr. Bruno Serpa Pinto, Subs de Finan\u00e7as Sr. Heitor Moreira, Subs de Receitas Sr. Juan Rodrigues.<br>Local: SMF<\/p>\n","protected":false},"excerpt":{"rendered":"<p>10hDespacho interno com a Assessora da ASPLAN Sra. Gabriela LauriaPauta: Apresenta\u00e7\u00e3o Imers\u00e3o FGV &#8211; SP 11hDespacho interno com a Superintendente Jur\u00eddica Sra. Ana ClaraPauta: Processos para homologa\u00e7\u00e3o16Reuni\u00e3o com o Sr. [&hellip;]<\/p>\n","protected":false},"author":38,"featured_media":0,"comment_status":"closed","ping_status":"closed","sticky":false,"template":"","format":"standard","meta":{"_et_pb_use_builder":"","_et_pb_old_content":"","_et_gb_content_width":"","_usar_header_alternativo":false,"footnotes":""},"categories":[394],"tags":[397,452],"class_list":["post-29656","post","type-post","status-publish","format-standard","hentry","category-agenda","tag-agenda-da-secretaria","tag-transparencia","et-doesnt-have-format-content","et_post_format-et-post-format-standard"],"_links":{"self":[{"href":"https:\/\/www.fazenda.niteroi.rj.gov.br\/site\/wp-json\/wp\/v2\/posts\/29656","targetHints":{"allow":["GET"]}}],"collection":[{"href":"https:\/\/www.fazenda.niteroi.rj.gov.br\/site\/wp-json\/wp\/v2\/posts"}],"about":[{"href":"https:\/\/www.fazenda.niteroi.rj.gov.br\/site\/wp-json\/wp\/v2\/types\/post"}],"author":[{"embeddable":true,"href":"https:\/\/www.fazenda.niteroi.rj.gov.br\/site\/wp-json\/wp\/v2\/users\/38"}],"replies":[{"embeddable":true,"href":"https:\/\/www.fazenda.niteroi.rj.gov.br\/site\/wp-json\/wp\/v2\/comments?post=29656"}],"version-history":[{"count":1,"href":"https:\/\/www.fazenda.niteroi.rj.gov.br\/site\/wp-json\/wp\/v2\/posts\/29656\/revisions"}],"predecessor-version":[{"id":29657,"href":"https:\/\/www.fazenda.niteroi.rj.gov.br\/site\/wp-json\/wp\/v2\/posts\/29656\/revisions\/29657"}],"wp:attachment":[{"href":"https:\/\/www.fazenda.niteroi.rj.gov.br\/site\/wp-json\/wp\/v2\/media?parent=29656"}],"wp:term":[{"taxonomy":"category","embeddable":true,"href":"https:\/\/www.fazenda.niteroi.rj.gov.br\/site\/wp-json\/wp\/v2\/categories?post=29656"},{"taxonomy":"post_tag","embeddable":true,"href":"https:\/\/www.fazenda.niteroi.rj.gov.br\/site\/wp-json\/wp\/v2\/tags?post=29656"}],"curies":[{"name":"wp","href":"https:\/\/api.w.org\/{rel}","templated":true}]}}