{"id":29682,"date":"2024-08-29T17:06:05","date_gmt":"2024-08-29T20:06:05","guid":{"rendered":"https:\/\/www.fazenda.niteroi.rj.gov.br\/site\/?p=29682"},"modified":"2024-08-29T17:06:35","modified_gmt":"2024-08-29T20:06:35","slug":"agenda-29-08-2024-quinta-feira","status":"publish","type":"post","link":"https:\/\/www.fazenda.niteroi.rj.gov.br\/site\/agenda-29-08-2024-quinta-feira\/","title":{"rendered":"Agenda 29.08.2024 Quinta-feira"},"content":{"rendered":"\n<p>10h<br>Reuni\u00e3o com Assessora da ASPLAN Sra. Ingrid Lucas<br>Pauta: Documento de consolida\u00e7\u00e3o<br>Local: SMF<\/p>\n\n\n\n<p><br>11h30<br>Despacho Interno<\/p>\n\n\n\n<p>14h<br>Reuni\u00e3o com o Subs. de Finan\u00e7as Sr. Heitor Moreira, Sra. Elizabeth Poubel, Procuradora Sra. Ana Clara e Diretor de Controle Interno Pedro Reys.<br>Pauta: Im\u00f3veis<br>Local: SMF<\/p>\n\n\n\n<p>15h<br>Reuni\u00e3o com o Subs. de Finan\u00e7as Sr. Heitor Pereira, Subs. de Moderniza\u00e7\u00e3o Haroldo Almeida, Diretor de Controle Interno Sr. Pedro Reys e Assessora da ASPLAN Sra. Ingrid Lucas.<br>Pauta: Regimento Interno SMF<br>Local: SMF<\/p>\n","protected":false},"excerpt":{"rendered":"<p>10hReuni\u00e3o com Assessora da ASPLAN Sra. Ingrid LucasPauta: Documento de consolida\u00e7\u00e3oLocal: SMF 11h30Despacho Interno 14hReuni\u00e3o com o Subs. de Finan\u00e7as Sr. Heitor Moreira, Sra. Elizabeth Poubel, Procuradora Sra. Ana Clara [&hellip;]<\/p>\n","protected":false},"author":20,"featured_media":0,"comment_status":"closed","ping_status":"closed","sticky":false,"template":"","format":"standard","meta":{"_et_pb_use_builder":"","_et_pb_old_content":"","_et_gb_content_width":"","_usar_header_alternativo":false,"footnotes":""},"categories":[116],"tags":[],"class_list":["post-29682","post","type-post","status-publish","format-standard","hentry","category-rascunhos","et-doesnt-have-format-content","et_post_format-et-post-format-standard"],"_links":{"self":[{"href":"https:\/\/www.fazenda.niteroi.rj.gov.br\/site\/wp-json\/wp\/v2\/posts\/29682","targetHints":{"allow":["GET"]}}],"collection":[{"href":"https:\/\/www.fazenda.niteroi.rj.gov.br\/site\/wp-json\/wp\/v2\/posts"}],"about":[{"href":"https:\/\/www.fazenda.niteroi.rj.gov.br\/site\/wp-json\/wp\/v2\/types\/post"}],"author":[{"embeddable":true,"href":"https:\/\/www.fazenda.niteroi.rj.gov.br\/site\/wp-json\/wp\/v2\/users\/20"}],"replies":[{"embeddable":true,"href":"https:\/\/www.fazenda.niteroi.rj.gov.br\/site\/wp-json\/wp\/v2\/comments?post=29682"}],"version-history":[{"count":1,"href":"https:\/\/www.fazenda.niteroi.rj.gov.br\/site\/wp-json\/wp\/v2\/posts\/29682\/revisions"}],"predecessor-version":[{"id":29683,"href":"https:\/\/www.fazenda.niteroi.rj.gov.br\/site\/wp-json\/wp\/v2\/posts\/29682\/revisions\/29683"}],"wp:attachment":[{"href":"https:\/\/www.fazenda.niteroi.rj.gov.br\/site\/wp-json\/wp\/v2\/media?parent=29682"}],"wp:term":[{"taxonomy":"category","embeddable":true,"href":"https:\/\/www.fazenda.niteroi.rj.gov.br\/site\/wp-json\/wp\/v2\/categories?post=29682"},{"taxonomy":"post_tag","embeddable":true,"href":"https:\/\/www.fazenda.niteroi.rj.gov.br\/site\/wp-json\/wp\/v2\/tags?post=29682"}],"curies":[{"name":"wp","href":"https:\/\/api.w.org\/{rel}","templated":true}]}}