{"id":2969,"date":"2013-11-19T16:43:49","date_gmt":"2013-11-19T18:43:49","guid":{"rendered":"http:\/\/fazenda.niteroi.rj.gov.br\/site\/?p=2969"},"modified":"2016-12-13T16:59:15","modified_gmt":"2016-12-13T18:59:15","slug":"acordao-1-5952013-2","status":"publish","type":"post","link":"https:\/\/www.fazenda.niteroi.rj.gov.br\/site\/acordao-1-5952013-2\/","title":{"rendered":"Ac\u00f3rd\u00e3o 1.595\/2013"},"content":{"rendered":"<ul>\n<li>648\u00ba Sess\u00e3o Ordin\u00e1ria, de 19\/11\/2013<\/li>\n<li>Processos: 030\/060973\/2010<\/li>\n<li>Recorrente:\u00a0Colina Rio Servi\u00e7os Ltda<\/li>\n<li>Ementa: &#8220;ISSQN &#8211; \u00a0Taxa anual de conserva\u00e7\u00e3o e manuten\u00e7\u00e3o de jazigos. Reconhecimento da compet\u00eancia cont\u00e1bil anual &#8211; Apura\u00e7\u00e3o com \u00e0 exclus\u00e3o dos meses de Janeiro e Fevereiro de 2009. Indevida inclus\u00e3o das &#8220;Receitas de Vendas de Certificado de Direito de uso de jazigos perp\u00e9tuos &#8221; na base de c\u00e1lculo do imposto. Proced\u00eancia.&#8221;<\/li>\n<li>Inteiro Teor:\u00a0<a href=\"http:\/\/fazenda.niteroi.rj.gov.br\/site\/wp-content\/uploads\/2016\/12\/acordao-1.595-13-1.pdf\">Ac\u00f3rd\u00e3o 1.595\/2013<\/a><\/li>\n<li><strong>Enviado\u00a0 ao Prefeito para homologa\u00e7\u00e3o em: 19\/11\/2013<\/strong><\/li>\n<\/ul>\n<p>De acordo com\u00a0 o que preceitua o Art.40 e Art. 63\u00a0 do Decreto 10487\/09, que estabelece as decis\u00f5es do Conselho ser\u00e3o submetidas a ato homologat\u00f3rio do Prefeito Municipal, precedido de manifesta\u00e7\u00e3o do Secret\u00e1rio de Fazenda.<\/p>\n<ul>\n<li><strong>Data da Homologa\u00e7\u00e3o:25\/11\/2013<\/strong><\/li>\n<\/ul>\n<p>Conforme o arquivo que est\u00e1 no link a seguir :\u00a0<a href=\"http:\/\/fazenda.niteroi.rj.gov.br\/site\/wp-content\/uploads\/2016\/12\/homologacao-1.595-13-1.pdf\">Homologa\u00e7\u00e3o do Secret\u00e1rio Municipal de Fazenda<\/a><\/p>\n<ul>\n<li><strong>Publicado em Di\u00e1rio Oficial de\u00a029\/11\/2013<\/strong><\/li>\n<\/ul>\n","protected":false},"excerpt":{"rendered":"<p>Ementa: &#8220;ISSQN &#8211;  Taxa anual de conserva\u00e7\u00e3o e manuten\u00e7\u00e3o de jazigos. Reconhecimento da compet\u00eancia cont\u00e1bil anual &#8211; Apura\u00e7\u00e3o com \u00e0 exclus\u00e3o dos meses de Janeiro e Fevereiro de 2009. Indevida inclus\u00e3o das &#8220;Receitas de Vendas de Certificado de Direito de uso de jazigos perp\u00e9tuos &#8221; na base de c\u00e1lculo do imposto. Proced\u00eancia.&#8221;<\/p>\n","protected":false},"author":4,"featured_media":1623,"comment_status":"closed","ping_status":"closed","sticky":false,"template":"","format":"standard","meta":{"_et_pb_use_builder":"","_et_pb_old_content":"","_et_gb_content_width":"","_usar_header_alternativo":false,"footnotes":""},"categories":[131],"tags":[],"class_list":["post-2969","post","type-post","status-publish","format-standard","has-post-thumbnail","hentry","category-acordaos","et-has-post-format-content","et_post_format-et-post-format-standard"],"_links":{"self":[{"href":"https:\/\/www.fazenda.niteroi.rj.gov.br\/site\/wp-json\/wp\/v2\/posts\/2969","targetHints":{"allow":["GET"]}}],"collection":[{"href":"https:\/\/www.fazenda.niteroi.rj.gov.br\/site\/wp-json\/wp\/v2\/posts"}],"about":[{"href":"https:\/\/www.fazenda.niteroi.rj.gov.br\/site\/wp-json\/wp\/v2\/types\/post"}],"author":[{"embeddable":true,"href":"https:\/\/www.fazenda.niteroi.rj.gov.br\/site\/wp-json\/wp\/v2\/users\/4"}],"replies":[{"embeddable":true,"href":"https:\/\/www.fazenda.niteroi.rj.gov.br\/site\/wp-json\/wp\/v2\/comments?post=2969"}],"version-history":[{"count":0,"href":"https:\/\/www.fazenda.niteroi.rj.gov.br\/site\/wp-json\/wp\/v2\/posts\/2969\/revisions"}],"wp:featuredmedia":[{"embeddable":true,"href":"https:\/\/www.fazenda.niteroi.rj.gov.br\/site\/wp-json\/wp\/v2\/media\/1623"}],"wp:attachment":[{"href":"https:\/\/www.fazenda.niteroi.rj.gov.br\/site\/wp-json\/wp\/v2\/media?parent=2969"}],"wp:term":[{"taxonomy":"category","embeddable":true,"href":"https:\/\/www.fazenda.niteroi.rj.gov.br\/site\/wp-json\/wp\/v2\/categories?post=2969"},{"taxonomy":"post_tag","embeddable":true,"href":"https:\/\/www.fazenda.niteroi.rj.gov.br\/site\/wp-json\/wp\/v2\/tags?post=2969"}],"curies":[{"name":"wp","href":"https:\/\/api.w.org\/{rel}","templated":true}]}}