{"id":29850,"date":"2024-09-25T09:51:20","date_gmt":"2024-09-25T12:51:20","guid":{"rendered":"https:\/\/www.fazenda.niteroi.rj.gov.br\/site\/?p=29850"},"modified":"2024-09-26T09:52:57","modified_gmt":"2024-09-26T12:52:57","slug":"agenda-25-09-2024-quarta-feira","status":"publish","type":"post","link":"https:\/\/www.fazenda.niteroi.rj.gov.br\/site\/agenda-25-09-2024-quarta-feira\/","title":{"rendered":"Agenda 25.09.2024 Quarta-Feira"},"content":{"rendered":"\n<p>09h30<br>Caf\u00e9 da manh\u00e3 Sr.Arnaldo Lima &#8211; l\u00edder da \u00e1rea de Rela\u00e7\u00f5es com Investidores na Polo Capital<br>Acompanha: Vitor Ribeiro &#8211; Fiscal de Posturas<br>Pauta: Fundo mais adequado para auxiliar o Fundo de Equaliza\u00e7\u00e3o da Receita (FER) na perpetua\u00e7\u00e3o de sua riqueza \u00e9 o Polo Cr\u00e9dito Corporativo, que estamos prestes a lan\u00e7ar uma vers\u00e3o institucional.<br>Local: Avenida Ataulfo de Paiva, 204, 10\u00ba andar &#8211; Leblon<\/p>\n\n\n\n<p>13h<br>Despacho com o Sr. Juan Rodrigues &#8211; Subs de Receita e Sr. Carlos Mauro &#8211; Presidente do Conselho dos Contribuintes<br>Pauta: Pr\u00e9via para Semana Fazend\u00e1ria Rio 2024<br>Local: SMF<\/p>\n\n\n\n<p>15h<br>Reuni\u00e3o com o QuintoAndar &#8211; Sr. Bruno Serpa Pinto, Sra. Manuela Oliveira, Sra. Mel Bini Bornstein<br>Pauta: ITBI Niter\u00f3i<br>Videoconfer\u00eancia<\/p>\n\n\n\n<p>16h<br>Reuni\u00e3o com o Diretor Presidente do Banco de Desenvolvimento do Esp\u00edrito Santo &#8211; Bandes, Sr. Marcelo Barbosa, Subs de Finan\u00e7as Sr. Heitor Moreira &#8211;<br>Pauta: Fundo Soberano<br>V\u00eddeoconfer\u00eancia<\/p>\n\n\n\n<p>17h<br>Despacho interno com a Sra. Fernanda Rodrigues &#8211; Subs de Contabilidade<br>Pauta: Audi\u00eancia P\u00fablica<\/p>\n\n\n\n<p>18h<br>Feira oil and gas<br>Pauta: Fundo Soberano.<\/p>\n","protected":false},"excerpt":{"rendered":"<p>09h30Caf\u00e9 da manh\u00e3 Sr.Arnaldo Lima &#8211; l\u00edder da \u00e1rea de Rela\u00e7\u00f5es com Investidores na Polo CapitalAcompanha: Vitor Ribeiro &#8211; Fiscal de PosturasPauta: Fundo mais adequado para auxiliar o Fundo de [&hellip;]<\/p>\n","protected":false},"author":38,"featured_media":0,"comment_status":"closed","ping_status":"closed","sticky":false,"template":"","format":"standard","meta":{"_et_pb_use_builder":"","_et_pb_old_content":"","_et_gb_content_width":"","_usar_header_alternativo":false,"footnotes":""},"categories":[394],"tags":[],"class_list":["post-29850","post","type-post","status-publish","format-standard","hentry","category-agenda","et-doesnt-have-format-content","et_post_format-et-post-format-standard"],"_links":{"self":[{"href":"https:\/\/www.fazenda.niteroi.rj.gov.br\/site\/wp-json\/wp\/v2\/posts\/29850","targetHints":{"allow":["GET"]}}],"collection":[{"href":"https:\/\/www.fazenda.niteroi.rj.gov.br\/site\/wp-json\/wp\/v2\/posts"}],"about":[{"href":"https:\/\/www.fazenda.niteroi.rj.gov.br\/site\/wp-json\/wp\/v2\/types\/post"}],"author":[{"embeddable":true,"href":"https:\/\/www.fazenda.niteroi.rj.gov.br\/site\/wp-json\/wp\/v2\/users\/38"}],"replies":[{"embeddable":true,"href":"https:\/\/www.fazenda.niteroi.rj.gov.br\/site\/wp-json\/wp\/v2\/comments?post=29850"}],"version-history":[{"count":1,"href":"https:\/\/www.fazenda.niteroi.rj.gov.br\/site\/wp-json\/wp\/v2\/posts\/29850\/revisions"}],"predecessor-version":[{"id":29851,"href":"https:\/\/www.fazenda.niteroi.rj.gov.br\/site\/wp-json\/wp\/v2\/posts\/29850\/revisions\/29851"}],"wp:attachment":[{"href":"https:\/\/www.fazenda.niteroi.rj.gov.br\/site\/wp-json\/wp\/v2\/media?parent=29850"}],"wp:term":[{"taxonomy":"category","embeddable":true,"href":"https:\/\/www.fazenda.niteroi.rj.gov.br\/site\/wp-json\/wp\/v2\/categories?post=29850"},{"taxonomy":"post_tag","embeddable":true,"href":"https:\/\/www.fazenda.niteroi.rj.gov.br\/site\/wp-json\/wp\/v2\/tags?post=29850"}],"curies":[{"name":"wp","href":"https:\/\/api.w.org\/{rel}","templated":true}]}}