{"id":29854,"date":"2024-09-26T17:05:05","date_gmt":"2024-09-26T20:05:05","guid":{"rendered":"https:\/\/www.fazenda.niteroi.rj.gov.br\/site\/?p=29854"},"modified":"2024-09-26T17:05:38","modified_gmt":"2024-09-26T20:05:38","slug":"agenda-26-09-24-quinta-feira","status":"publish","type":"post","link":"https:\/\/www.fazenda.niteroi.rj.gov.br\/site\/agenda-26-09-24-quinta-feira\/","title":{"rendered":"Agenda 26.09.24 Quinta-feira"},"content":{"rendered":"\n<p>9h<br>Aula Aurimedes<\/p>\n\n\n\n<p>11h<br>Reuni\u00e3o com a Secret\u00e1ria de Planejamento \u2013 Sra. Isadora Modesto<br>Pauta: O.S. Getulinho II<br>Local: SEPLAG<\/p>\n\n\n\n<p>11h30<br>Reuni\u00e3o com o Subsecret\u00e1rio de Urbanismo \u2013 Sr. Fabr\u00edcio Arriaga, Diretor do SIGEO \u2013 Sr. Ricardo Braz, Subsecret\u00e1rios de Receitas \u2013 Sr. Juan Rodrigues e de Moderniza\u00e7\u00e3o \u2013 Sr; Haroldo Almeida e o Diretor de TI \u2013 Sr. Jo\u00e3o Costa<br>Pauta: Alvar\u00e1 Autom\u00e1tico<br>Local: SMF<\/p>\n\n\n\n<p>14h<br>Despacho interno com Assessoria de Planejamento \u2013 Sra. Ingrid Lucas<br>Pautas: Dia do Servidor Fazend\u00e1rio<br>Documento de Consolida\u00e7\u00e3o<\/p>\n\n\n\n<p><\/p>\n","protected":false},"excerpt":{"rendered":"<p>9hAula Aurimedes 11hReuni\u00e3o com a Secret\u00e1ria de Planejamento \u2013 Sra. Isadora ModestoPauta: O.S. Getulinho IILocal: SEPLAG 11h30Reuni\u00e3o com o Subsecret\u00e1rio de Urbanismo \u2013 Sr. Fabr\u00edcio Arriaga, Diretor do SIGEO \u2013 [&hellip;]<\/p>\n","protected":false},"author":38,"featured_media":0,"comment_status":"closed","ping_status":"closed","sticky":false,"template":"","format":"standard","meta":{"_et_pb_use_builder":"","_et_pb_old_content":"","_et_gb_content_width":"","_usar_header_alternativo":false,"footnotes":""},"categories":[394],"tags":[397,452],"class_list":["post-29854","post","type-post","status-publish","format-standard","hentry","category-agenda","tag-agenda-da-secretaria","tag-transparencia","et-doesnt-have-format-content","et_post_format-et-post-format-standard"],"_links":{"self":[{"href":"https:\/\/www.fazenda.niteroi.rj.gov.br\/site\/wp-json\/wp\/v2\/posts\/29854","targetHints":{"allow":["GET"]}}],"collection":[{"href":"https:\/\/www.fazenda.niteroi.rj.gov.br\/site\/wp-json\/wp\/v2\/posts"}],"about":[{"href":"https:\/\/www.fazenda.niteroi.rj.gov.br\/site\/wp-json\/wp\/v2\/types\/post"}],"author":[{"embeddable":true,"href":"https:\/\/www.fazenda.niteroi.rj.gov.br\/site\/wp-json\/wp\/v2\/users\/38"}],"replies":[{"embeddable":true,"href":"https:\/\/www.fazenda.niteroi.rj.gov.br\/site\/wp-json\/wp\/v2\/comments?post=29854"}],"version-history":[{"count":1,"href":"https:\/\/www.fazenda.niteroi.rj.gov.br\/site\/wp-json\/wp\/v2\/posts\/29854\/revisions"}],"predecessor-version":[{"id":29855,"href":"https:\/\/www.fazenda.niteroi.rj.gov.br\/site\/wp-json\/wp\/v2\/posts\/29854\/revisions\/29855"}],"wp:attachment":[{"href":"https:\/\/www.fazenda.niteroi.rj.gov.br\/site\/wp-json\/wp\/v2\/media?parent=29854"}],"wp:term":[{"taxonomy":"category","embeddable":true,"href":"https:\/\/www.fazenda.niteroi.rj.gov.br\/site\/wp-json\/wp\/v2\/categories?post=29854"},{"taxonomy":"post_tag","embeddable":true,"href":"https:\/\/www.fazenda.niteroi.rj.gov.br\/site\/wp-json\/wp\/v2\/tags?post=29854"}],"curies":[{"name":"wp","href":"https:\/\/api.w.org\/{rel}","templated":true}]}}