{"id":29908,"date":"2024-10-03T13:01:41","date_gmt":"2024-10-03T16:01:41","guid":{"rendered":"https:\/\/www.fazenda.niteroi.rj.gov.br\/site\/?p=29908"},"modified":"2024-10-03T13:02:10","modified_gmt":"2024-10-03T16:02:10","slug":"agenda-03-10-2024-quinta-feira","status":"publish","type":"post","link":"https:\/\/www.fazenda.niteroi.rj.gov.br\/site\/agenda-03-10-2024-quinta-feira\/","title":{"rendered":"Agenda 03.10.2024 Quinta-feira"},"content":{"rendered":"\n<p>9h<br>GT Mulheres no Servi\u00e7o P\u00fablico | Encontro 6 &#8220;Viol\u00eancia e Ass\u00e9dio&#8221;<br>Videoconfer\u00eancia<\/p>\n\n\n\n<p>11h30<br>Despacho interno com o Sr. Haroldo Almeida &#8211; Subs. de Moderniza\u00e7\u00e3o, Sra. Laryssa Sader &#8211; Diretora do CAC, Sr. Jo\u00e3o Costa &#8211; Diretor de TI<br>Pauta: Valida\u00e7\u00e3o de Formul\u00e1rios<\/p>\n\n\n\n<p>13h<br>Despacho Interno<\/p>\n\n\n\n<p>15h<br>Despacho interno com a Sra. Fernanda Fraga &#8211; Diretora de Comunica\u00e7\u00e3o<\/p>\n","protected":false},"excerpt":{"rendered":"<p>9hGT Mulheres no Servi\u00e7o P\u00fablico | Encontro 6 &#8220;Viol\u00eancia e Ass\u00e9dio&#8221;Videoconfer\u00eancia 11h30Despacho interno com o Sr. Haroldo Almeida &#8211; Subs. de Moderniza\u00e7\u00e3o, Sra. Laryssa Sader &#8211; Diretora do CAC, Sr. [&hellip;]<\/p>\n","protected":false},"author":38,"featured_media":0,"comment_status":"closed","ping_status":"closed","sticky":false,"template":"","format":"standard","meta":{"_et_pb_use_builder":"","_et_pb_old_content":"","_et_gb_content_width":"","_usar_header_alternativo":false,"footnotes":""},"categories":[394],"tags":[397,452],"class_list":["post-29908","post","type-post","status-publish","format-standard","hentry","category-agenda","tag-agenda-da-secretaria","tag-transparencia","et-doesnt-have-format-content","et_post_format-et-post-format-standard"],"_links":{"self":[{"href":"https:\/\/www.fazenda.niteroi.rj.gov.br\/site\/wp-json\/wp\/v2\/posts\/29908","targetHints":{"allow":["GET"]}}],"collection":[{"href":"https:\/\/www.fazenda.niteroi.rj.gov.br\/site\/wp-json\/wp\/v2\/posts"}],"about":[{"href":"https:\/\/www.fazenda.niteroi.rj.gov.br\/site\/wp-json\/wp\/v2\/types\/post"}],"author":[{"embeddable":true,"href":"https:\/\/www.fazenda.niteroi.rj.gov.br\/site\/wp-json\/wp\/v2\/users\/38"}],"replies":[{"embeddable":true,"href":"https:\/\/www.fazenda.niteroi.rj.gov.br\/site\/wp-json\/wp\/v2\/comments?post=29908"}],"version-history":[{"count":1,"href":"https:\/\/www.fazenda.niteroi.rj.gov.br\/site\/wp-json\/wp\/v2\/posts\/29908\/revisions"}],"predecessor-version":[{"id":29909,"href":"https:\/\/www.fazenda.niteroi.rj.gov.br\/site\/wp-json\/wp\/v2\/posts\/29908\/revisions\/29909"}],"wp:attachment":[{"href":"https:\/\/www.fazenda.niteroi.rj.gov.br\/site\/wp-json\/wp\/v2\/media?parent=29908"}],"wp:term":[{"taxonomy":"category","embeddable":true,"href":"https:\/\/www.fazenda.niteroi.rj.gov.br\/site\/wp-json\/wp\/v2\/categories?post=29908"},{"taxonomy":"post_tag","embeddable":true,"href":"https:\/\/www.fazenda.niteroi.rj.gov.br\/site\/wp-json\/wp\/v2\/tags?post=29908"}],"curies":[{"name":"wp","href":"https:\/\/api.w.org\/{rel}","templated":true}]}}