{"id":2992,"date":"2016-12-05T11:46:30","date_gmt":"2016-12-05T13:46:30","guid":{"rendered":"http:\/\/fazenda.niteroi.rj.gov.br\/site\/?p=2992"},"modified":"2016-12-14T11:49:14","modified_gmt":"2016-12-14T13:49:14","slug":"portaria-037smf2016","status":"publish","type":"post","link":"https:\/\/www.fazenda.niteroi.rj.gov.br\/site\/portaria-037smf2016\/","title":{"rendered":"Portaria 037\/SMF\/2016"},"content":{"rendered":"<p>Constitui Comiss\u00e3o Especial de Licita\u00e7\u00e3o\u00a0para atuar no <a href=\"http:\/\/fazenda.niteroi.rj.gov.br\/site\/edital-082016-restauracao-de-vitral\/\">Preg\u00e3o Presencial n\u00ba 08\/2016<\/a>.<\/p>\n<ul>\n<li><a href=\"http:\/\/fazenda.niteroi.rj.gov.br\/site\/wp-content\/uploads\/2016\/12\/Portaria-037-SMF-2016.pdf\">Portaria 037\/SMF\/2016<\/a><\/li>\n<\/ul>\n","protected":false},"excerpt":{"rendered":"<p>Constitui Comiss\u00e3o Especial de Licita\u00e7\u00e3o\u00a0para atuar no Preg\u00e3o Presencial n\u00ba 08\/2016. Portaria 037\/SMF\/2016<\/p>\n","protected":false},"author":1,"featured_media":1444,"comment_status":"closed","ping_status":"closed","sticky":false,"template":"","format":"standard","meta":{"_et_pb_use_builder":"","_et_pb_old_content":"","_et_gb_content_width":"","_usar_header_alternativo":false,"footnotes":""},"categories":[118],"tags":[111,199],"class_list":["post-2992","post","type-post","status-publish","format-standard","has-post-thumbnail","hentry","category-portarias","tag-comissao-especial-de-licitacao","tag-vitral","et-has-post-format-content","et_post_format-et-post-format-standard"],"_links":{"self":[{"href":"https:\/\/www.fazenda.niteroi.rj.gov.br\/site\/wp-json\/wp\/v2\/posts\/2992","targetHints":{"allow":["GET"]}}],"collection":[{"href":"https:\/\/www.fazenda.niteroi.rj.gov.br\/site\/wp-json\/wp\/v2\/posts"}],"about":[{"href":"https:\/\/www.fazenda.niteroi.rj.gov.br\/site\/wp-json\/wp\/v2\/types\/post"}],"author":[{"embeddable":true,"href":"https:\/\/www.fazenda.niteroi.rj.gov.br\/site\/wp-json\/wp\/v2\/users\/1"}],"replies":[{"embeddable":true,"href":"https:\/\/www.fazenda.niteroi.rj.gov.br\/site\/wp-json\/wp\/v2\/comments?post=2992"}],"version-history":[{"count":0,"href":"https:\/\/www.fazenda.niteroi.rj.gov.br\/site\/wp-json\/wp\/v2\/posts\/2992\/revisions"}],"wp:featuredmedia":[{"embeddable":true,"href":"https:\/\/www.fazenda.niteroi.rj.gov.br\/site\/wp-json\/wp\/v2\/media\/1444"}],"wp:attachment":[{"href":"https:\/\/www.fazenda.niteroi.rj.gov.br\/site\/wp-json\/wp\/v2\/media?parent=2992"}],"wp:term":[{"taxonomy":"category","embeddable":true,"href":"https:\/\/www.fazenda.niteroi.rj.gov.br\/site\/wp-json\/wp\/v2\/categories?post=2992"},{"taxonomy":"post_tag","embeddable":true,"href":"https:\/\/www.fazenda.niteroi.rj.gov.br\/site\/wp-json\/wp\/v2\/tags?post=2992"}],"curies":[{"name":"wp","href":"https:\/\/api.w.org\/{rel}","templated":true}]}}