{"id":30188,"date":"2024-10-22T14:25:33","date_gmt":"2024-10-22T17:25:33","guid":{"rendered":"https:\/\/www.fazenda.niteroi.rj.gov.br\/site\/?p=30188"},"modified":"2024-10-22T14:25:47","modified_gmt":"2024-10-22T17:25:47","slug":"agenda-22-10-2024-terca-feira","status":"publish","type":"post","link":"https:\/\/www.fazenda.niteroi.rj.gov.br\/site\/agenda-22-10-2024-terca-feira\/","title":{"rendered":"Agenda 22.10.2024 Ter\u00e7a-Feira"},"content":{"rendered":"\n<p>15h<br>Despacho interno com Ingrid Lucas -ASPLAN<br>Pauta: Documentos de Consolida\u00e7\u00e3o e \u00faltimas valida\u00e7\u00f5es para o m\u00eas do Servidor<\/p>\n\n\n\n<p>16h<br>Despacho interno com Fernanda Fraga &#8211; Diretora de Comunica\u00e7\u00e3o<\/p>\n","protected":false},"excerpt":{"rendered":"<p>15hDespacho interno com Ingrid Lucas -ASPLANPauta: Documentos de Consolida\u00e7\u00e3o e \u00faltimas valida\u00e7\u00f5es para o m\u00eas do Servidor 16hDespacho interno com Fernanda Fraga &#8211; Diretora de Comunica\u00e7\u00e3o<\/p>\n","protected":false},"author":38,"featured_media":0,"comment_status":"closed","ping_status":"closed","sticky":false,"template":"","format":"standard","meta":{"_et_pb_use_builder":"","_et_pb_old_content":"","_et_gb_content_width":"","_usar_header_alternativo":false,"footnotes":""},"categories":[394],"tags":[397,452],"class_list":["post-30188","post","type-post","status-publish","format-standard","hentry","category-agenda","tag-agenda-da-secretaria","tag-transparencia","et-doesnt-have-format-content","et_post_format-et-post-format-standard"],"_links":{"self":[{"href":"https:\/\/www.fazenda.niteroi.rj.gov.br\/site\/wp-json\/wp\/v2\/posts\/30188","targetHints":{"allow":["GET"]}}],"collection":[{"href":"https:\/\/www.fazenda.niteroi.rj.gov.br\/site\/wp-json\/wp\/v2\/posts"}],"about":[{"href":"https:\/\/www.fazenda.niteroi.rj.gov.br\/site\/wp-json\/wp\/v2\/types\/post"}],"author":[{"embeddable":true,"href":"https:\/\/www.fazenda.niteroi.rj.gov.br\/site\/wp-json\/wp\/v2\/users\/38"}],"replies":[{"embeddable":true,"href":"https:\/\/www.fazenda.niteroi.rj.gov.br\/site\/wp-json\/wp\/v2\/comments?post=30188"}],"version-history":[{"count":1,"href":"https:\/\/www.fazenda.niteroi.rj.gov.br\/site\/wp-json\/wp\/v2\/posts\/30188\/revisions"}],"predecessor-version":[{"id":30189,"href":"https:\/\/www.fazenda.niteroi.rj.gov.br\/site\/wp-json\/wp\/v2\/posts\/30188\/revisions\/30189"}],"wp:attachment":[{"href":"https:\/\/www.fazenda.niteroi.rj.gov.br\/site\/wp-json\/wp\/v2\/media?parent=30188"}],"wp:term":[{"taxonomy":"category","embeddable":true,"href":"https:\/\/www.fazenda.niteroi.rj.gov.br\/site\/wp-json\/wp\/v2\/categories?post=30188"},{"taxonomy":"post_tag","embeddable":true,"href":"https:\/\/www.fazenda.niteroi.rj.gov.br\/site\/wp-json\/wp\/v2\/tags?post=30188"}],"curies":[{"name":"wp","href":"https:\/\/api.w.org\/{rel}","templated":true}]}}