{"id":30215,"date":"2024-10-25T10:03:17","date_gmt":"2024-10-25T13:03:17","guid":{"rendered":"https:\/\/www.fazenda.niteroi.rj.gov.br\/site\/?p=30215"},"modified":"2024-10-28T10:04:37","modified_gmt":"2024-10-28T13:04:37","slug":"agenda-24-10-2024-quinta-feira","status":"publish","type":"post","link":"https:\/\/www.fazenda.niteroi.rj.gov.br\/site\/agenda-24-10-2024-quinta-feira\/","title":{"rendered":"Agenda 24.10.2024 \u2013 Quinta-feira"},"content":{"rendered":"\n<p>9h<br>GT Mulheres no Servi\u00e7o P\u00fablico | Encontro 7 &#8220;Estrat\u00e9gias de ascens\u00e3o: redes, mentorias e forma\u00e7\u00f5es&#8221;<br>Videoconfer\u00eancia<br>Join Zoom Meeting:<br>https:\/\/us06web.zoom.us\/j\/89320350213<\/p>\n\n\n\n<p>11h<br>Cerim\u00f4nia de Entrega do Centro de Tratamento Intensivo do Hospital Municipal Or\u00eancio de Freitas.<br>Local: Hospital Municipal Or\u00eancio de Freitas Av. Machado, s\/n \u2013 Barreto<\/p>\n\n\n\n<p>14h<br>Reuni\u00e3o com o Sr. Vinicius Fundo, Sr. Luiz Felipe Carreira, Sr. Raphael Guingo &#8211; Fiscais de Tributos, Sr. Haroldo Almeida &#8211; Subs de Moderniza\u00e7\u00e3o, Sr. Jo\u00e3o Costa &#8211; Diretor de TI<br>Pauta: Dados da Fiscaliza\u00e7\u00e3o<br>Local: SMF<\/p>\n","protected":false},"excerpt":{"rendered":"<p>9hGT Mulheres no Servi\u00e7o P\u00fablico | Encontro 7 &#8220;Estrat\u00e9gias de ascens\u00e3o: redes, mentorias e forma\u00e7\u00f5es&#8221;Videoconfer\u00eanciaJoin Zoom Meeting:https:\/\/us06web.zoom.us\/j\/89320350213 11hCerim\u00f4nia de Entrega do Centro de Tratamento Intensivo do Hospital Municipal Or\u00eancio de [&hellip;]<\/p>\n","protected":false},"author":38,"featured_media":0,"comment_status":"closed","ping_status":"closed","sticky":false,"template":"","format":"standard","meta":{"_et_pb_use_builder":"","_et_pb_old_content":"","_et_gb_content_width":"","_usar_header_alternativo":false,"footnotes":""},"categories":[394],"tags":[397,452],"class_list":["post-30215","post","type-post","status-publish","format-standard","hentry","category-agenda","tag-agenda-da-secretaria","tag-transparencia","et-doesnt-have-format-content","et_post_format-et-post-format-standard"],"_links":{"self":[{"href":"https:\/\/www.fazenda.niteroi.rj.gov.br\/site\/wp-json\/wp\/v2\/posts\/30215","targetHints":{"allow":["GET"]}}],"collection":[{"href":"https:\/\/www.fazenda.niteroi.rj.gov.br\/site\/wp-json\/wp\/v2\/posts"}],"about":[{"href":"https:\/\/www.fazenda.niteroi.rj.gov.br\/site\/wp-json\/wp\/v2\/types\/post"}],"author":[{"embeddable":true,"href":"https:\/\/www.fazenda.niteroi.rj.gov.br\/site\/wp-json\/wp\/v2\/users\/38"}],"replies":[{"embeddable":true,"href":"https:\/\/www.fazenda.niteroi.rj.gov.br\/site\/wp-json\/wp\/v2\/comments?post=30215"}],"version-history":[{"count":1,"href":"https:\/\/www.fazenda.niteroi.rj.gov.br\/site\/wp-json\/wp\/v2\/posts\/30215\/revisions"}],"predecessor-version":[{"id":30216,"href":"https:\/\/www.fazenda.niteroi.rj.gov.br\/site\/wp-json\/wp\/v2\/posts\/30215\/revisions\/30216"}],"wp:attachment":[{"href":"https:\/\/www.fazenda.niteroi.rj.gov.br\/site\/wp-json\/wp\/v2\/media?parent=30215"}],"wp:term":[{"taxonomy":"category","embeddable":true,"href":"https:\/\/www.fazenda.niteroi.rj.gov.br\/site\/wp-json\/wp\/v2\/categories?post=30215"},{"taxonomy":"post_tag","embeddable":true,"href":"https:\/\/www.fazenda.niteroi.rj.gov.br\/site\/wp-json\/wp\/v2\/tags?post=30215"}],"curies":[{"name":"wp","href":"https:\/\/api.w.org\/{rel}","templated":true}]}}