{"id":30294,"date":"2024-11-13T13:45:15","date_gmt":"2024-11-13T16:45:15","guid":{"rendered":"https:\/\/www.fazenda.niteroi.rj.gov.br\/site\/?p=30294"},"modified":"2024-11-14T13:46:28","modified_gmt":"2024-11-14T16:46:28","slug":"agenda-13-11-2024-quarta-feira","status":"publish","type":"post","link":"https:\/\/www.fazenda.niteroi.rj.gov.br\/site\/agenda-13-11-2024-quarta-feira\/","title":{"rendered":"Agenda 13.11.2024 Quarta-feira"},"content":{"rendered":"\n<p>09h30<br>Caf\u00e9 da manh\u00e3 dia do servidor<\/p>\n\n\n\n<p>15h<br>Moody&#8217;s &#8211; Apresenta\u00e7\u00e3o metodologia ESG &#8211; avalia\u00e7\u00e3o de risco<br>videoconfer\u00eancia<\/p>\n\n\n\n<p>16h30<br>Reuni\u00e3o com Sr. Haroldo Almeida &#8211; Subs de Moderniza\u00e7\u00e3o, Heitor Moreira &#8211; Subs. de Finan\u00e7as, Sr. Juan Rodrigues -Subs. de Finan\u00e7as e Sra. Fernanda Fraga &#8211; Diretora de Comunica\u00e7\u00e3o.<br>Pauta: Pr\u00e9via &#8220;Niter\u00f3i Empreendedora&#8221;<br>Local: SMF<\/p>\n","protected":false},"excerpt":{"rendered":"<p>09h30Caf\u00e9 da manh\u00e3 dia do servidor 15hMoody&#8217;s &#8211; Apresenta\u00e7\u00e3o metodologia ESG &#8211; avalia\u00e7\u00e3o de riscovideoconfer\u00eancia 16h30Reuni\u00e3o com Sr. Haroldo Almeida &#8211; Subs de Moderniza\u00e7\u00e3o, Heitor Moreira &#8211; Subs. de Finan\u00e7as, [&hellip;]<\/p>\n","protected":false},"author":38,"featured_media":0,"comment_status":"closed","ping_status":"closed","sticky":false,"template":"","format":"standard","meta":{"_et_pb_use_builder":"","_et_pb_old_content":"","_et_gb_content_width":"","_usar_header_alternativo":false,"footnotes":""},"categories":[394],"tags":[397,452],"class_list":["post-30294","post","type-post","status-publish","format-standard","hentry","category-agenda","tag-agenda-da-secretaria","tag-transparencia","et-doesnt-have-format-content","et_post_format-et-post-format-standard"],"_links":{"self":[{"href":"https:\/\/www.fazenda.niteroi.rj.gov.br\/site\/wp-json\/wp\/v2\/posts\/30294","targetHints":{"allow":["GET"]}}],"collection":[{"href":"https:\/\/www.fazenda.niteroi.rj.gov.br\/site\/wp-json\/wp\/v2\/posts"}],"about":[{"href":"https:\/\/www.fazenda.niteroi.rj.gov.br\/site\/wp-json\/wp\/v2\/types\/post"}],"author":[{"embeddable":true,"href":"https:\/\/www.fazenda.niteroi.rj.gov.br\/site\/wp-json\/wp\/v2\/users\/38"}],"replies":[{"embeddable":true,"href":"https:\/\/www.fazenda.niteroi.rj.gov.br\/site\/wp-json\/wp\/v2\/comments?post=30294"}],"version-history":[{"count":1,"href":"https:\/\/www.fazenda.niteroi.rj.gov.br\/site\/wp-json\/wp\/v2\/posts\/30294\/revisions"}],"predecessor-version":[{"id":30295,"href":"https:\/\/www.fazenda.niteroi.rj.gov.br\/site\/wp-json\/wp\/v2\/posts\/30294\/revisions\/30295"}],"wp:attachment":[{"href":"https:\/\/www.fazenda.niteroi.rj.gov.br\/site\/wp-json\/wp\/v2\/media?parent=30294"}],"wp:term":[{"taxonomy":"category","embeddable":true,"href":"https:\/\/www.fazenda.niteroi.rj.gov.br\/site\/wp-json\/wp\/v2\/categories?post=30294"},{"taxonomy":"post_tag","embeddable":true,"href":"https:\/\/www.fazenda.niteroi.rj.gov.br\/site\/wp-json\/wp\/v2\/tags?post=30294"}],"curies":[{"name":"wp","href":"https:\/\/api.w.org\/{rel}","templated":true}]}}