{"id":3050,"date":"2016-12-16T11:58:09","date_gmt":"2016-12-16T13:58:09","guid":{"rendered":"http:\/\/fazenda.niteroi.rj.gov.br\/site\/?p=3050"},"modified":"2016-12-28T09:44:35","modified_gmt":"2016-12-28T11:44:35","slug":"edital-052016-rede-de-fibra-optica","status":"publish","type":"post","link":"https:\/\/www.fazenda.niteroi.rj.gov.br\/site\/edital-052016-rede-de-fibra-optica\/","title":{"rendered":"Edital 05\/2016: rede de fibra \u00f3ptica"},"content":{"rendered":"<ul>\n<li>PROCESSO ADMINISTRATIVO N\u00ba 030\/019871\/2015<\/li>\n<li>MODALIDADE: PREG\u00c3O PRESENCIAL<\/li>\n<li>TIPO DE LICITA\u00c7\u00c3O: MENOR PRE\u00c7O GLOBAL<\/li>\n<li>DATA DA REALIZA\u00c7\u00c3O: <strong>29\/12\/2016<\/strong><\/li>\n<li>HOR\u00c1RIO: <strong>14:00<\/strong><\/li>\n<\/ul>\n<p>O Preg\u00e3o tem por objeto a contrata\u00e7\u00e3o de projeto t\u00e9cnico, aquisi\u00e7\u00e3o de equipamentos e respectivos assess\u00f3rios, softwares, implanta\u00e7\u00e3o, gest\u00e3o e suporte de servi\u00e7os <strong>cria\u00e7\u00e3o de infraestrutura de rede em fibra \u00f3ptica<\/strong>, para realizar a interliga\u00e7\u00e3o e opera\u00e7\u00e3o de sistema de transmiss\u00e3o e recep\u00e7\u00e3o de dados em tecnologia DWDM de v\u00e1rios \u00f3rg\u00e3os da Prefeitura (Secretaria Municipal de Fazenda, Centro Administrativo de Niter\u00f3i, Recadastramento, Procuradoria fiscal e Niter\u00f3i Prev), conforme as especifica\u00e7\u00f5es constantes do ANEXO I \u2013 Termo de Refer\u00eancia do Objeto.<\/p>\n<ul>\n<li><a href=\"http:\/\/fazenda.niteroi.rj.gov.br\/site\/wp-content\/uploads\/2016\/12\/Edital-05-2016-Fibra-Optica.pdf\">Edital 05\/2016<\/a><\/li>\n<li><a href=\"http:\/\/fazenda.niteroi.rj.gov.br\/site\/wp-content\/uploads\/2016\/12\/Edital-05-2016-Anexo-I-Termo-de-Referencia.pdf\">Anexo I (Termo de Refer\u00eancia)<\/a><\/li>\n<li><a href=\"http:\/\/fazenda.niteroi.rj.gov.br\/site\/wp-content\/uploads\/2016\/12\/Edital-05-2016-Anexos-IIIIIIV-VIVIIVIII-e-IX.pdf\">Anexos II,III,IV, VI,VII,VIII e IX<\/a><\/li>\n<li><a href=\"http:\/\/fazenda.niteroi.rj.gov.br\/site\/wp-content\/uploads\/2016\/12\/Edital-05-2016-Anexo-V.pdf\">Anexo V<\/a><\/li>\n<li><a href=\"http:\/\/fazenda.niteroi.rj.gov.br\/site\/wp-content\/uploads\/2016\/12\/Edital-05-2016-Anexo-X.pdf\">Anexo X<\/a><\/li>\n<li><a href=\"http:\/\/fazenda.niteroi.rj.gov.br\/site\/wp-content\/uploads\/2016\/12\/Edital-05-2016-Anexo-XI.pdf\">Anexo XI<\/a><\/li>\n<li><a href=\"http:\/\/fazenda.niteroi.rj.gov.br\/site\/wp-content\/uploads\/2016\/12\/Edital-05-2016-Recibo-de-Retirada.pdf\">Recibo de Retirada<\/a><\/li>\n<\/ul>\n","protected":false},"excerpt":{"rendered":"<p>Contrata\u00e7\u00e3o de projeto t\u00e9cnico, aquisi\u00e7\u00e3o de equipamentos para cria\u00e7\u00e3o de infraestrutura de rede em fibra \u00f3ptica, para realizar a interliga\u00e7\u00e3o de \u00f3rg\u00e3os da Prefeitura.<\/p>\n","protected":false},"author":1,"featured_media":877,"comment_status":"closed","ping_status":"closed","sticky":false,"template":"","format":"standard","meta":{"_et_pb_use_builder":"","_et_pb_old_content":"","_et_gb_content_width":"","_usar_header_alternativo":false,"footnotes":""},"categories":[9],"tags":[],"class_list":["post-3050","post","type-post","status-publish","format-standard","has-post-thumbnail","hentry","category-licitacoes-contratos","et-has-post-format-content","et_post_format-et-post-format-standard"],"_links":{"self":[{"href":"https:\/\/www.fazenda.niteroi.rj.gov.br\/site\/wp-json\/wp\/v2\/posts\/3050","targetHints":{"allow":["GET"]}}],"collection":[{"href":"https:\/\/www.fazenda.niteroi.rj.gov.br\/site\/wp-json\/wp\/v2\/posts"}],"about":[{"href":"https:\/\/www.fazenda.niteroi.rj.gov.br\/site\/wp-json\/wp\/v2\/types\/post"}],"author":[{"embeddable":true,"href":"https:\/\/www.fazenda.niteroi.rj.gov.br\/site\/wp-json\/wp\/v2\/users\/1"}],"replies":[{"embeddable":true,"href":"https:\/\/www.fazenda.niteroi.rj.gov.br\/site\/wp-json\/wp\/v2\/comments?post=3050"}],"version-history":[{"count":0,"href":"https:\/\/www.fazenda.niteroi.rj.gov.br\/site\/wp-json\/wp\/v2\/posts\/3050\/revisions"}],"wp:featuredmedia":[{"embeddable":true,"href":"https:\/\/www.fazenda.niteroi.rj.gov.br\/site\/wp-json\/wp\/v2\/media\/877"}],"wp:attachment":[{"href":"https:\/\/www.fazenda.niteroi.rj.gov.br\/site\/wp-json\/wp\/v2\/media?parent=3050"}],"wp:term":[{"taxonomy":"category","embeddable":true,"href":"https:\/\/www.fazenda.niteroi.rj.gov.br\/site\/wp-json\/wp\/v2\/categories?post=3050"},{"taxonomy":"post_tag","embeddable":true,"href":"https:\/\/www.fazenda.niteroi.rj.gov.br\/site\/wp-json\/wp\/v2\/tags?post=3050"}],"curies":[{"name":"wp","href":"https:\/\/api.w.org\/{rel}","templated":true}]}}