{"id":30528,"date":"2024-12-12T16:15:09","date_gmt":"2024-12-12T19:15:09","guid":{"rendered":"https:\/\/www.fazenda.niteroi.rj.gov.br\/site\/?p=30528"},"modified":"2024-12-17T16:16:16","modified_gmt":"2024-12-17T19:16:16","slug":"agenda-12-12-2024-quinta-feira","status":"publish","type":"post","link":"https:\/\/www.fazenda.niteroi.rj.gov.br\/site\/agenda-12-12-2024-quinta-feira\/","title":{"rendered":"Agenda 12.12.2024 Quinta-feira"},"content":{"rendered":"\n<p>09h30<br>Celebra\u00e7\u00e3o Certifica\u00e7\u00e3o ISO (CAC e PAGAMENTOS) e Inaugura\u00e7\u00e3o da sala de Descompress\u00e3o<br>Local: SMF<\/p>\n\n\n\n<p>11h<br>Assinatura de cess\u00e3o do Pal\u00e1cio do Ing\u00e1<br>Local: Audit\u00f3rio do MAC<\/p>\n\n\n\n<p>14h<br>Despacho com o Sr. Haroldo Almeida -Subs de Moderniza\u00e7\u00e3o, Sr. Juan Rodrigues &#8211; Subs. de Receitas e Sr. Pedro Reys &#8211; Diretor de Controle Interno<\/p>\n","protected":false},"excerpt":{"rendered":"<p>09h30Celebra\u00e7\u00e3o Certifica\u00e7\u00e3o ISO (CAC e PAGAMENTOS) e Inaugura\u00e7\u00e3o da sala de Descompress\u00e3oLocal: SMF 11hAssinatura de cess\u00e3o do Pal\u00e1cio do Ing\u00e1Local: Audit\u00f3rio do MAC 14hDespacho com o Sr. Haroldo Almeida -Subs [&hellip;]<\/p>\n","protected":false},"author":38,"featured_media":0,"comment_status":"closed","ping_status":"closed","sticky":false,"template":"","format":"standard","meta":{"_et_pb_use_builder":"","_et_pb_old_content":"","_et_gb_content_width":"","_usar_header_alternativo":false,"footnotes":""},"categories":[394],"tags":[397,452],"class_list":["post-30528","post","type-post","status-publish","format-standard","hentry","category-agenda","tag-agenda-da-secretaria","tag-transparencia","et-doesnt-have-format-content","et_post_format-et-post-format-standard"],"_links":{"self":[{"href":"https:\/\/www.fazenda.niteroi.rj.gov.br\/site\/wp-json\/wp\/v2\/posts\/30528","targetHints":{"allow":["GET"]}}],"collection":[{"href":"https:\/\/www.fazenda.niteroi.rj.gov.br\/site\/wp-json\/wp\/v2\/posts"}],"about":[{"href":"https:\/\/www.fazenda.niteroi.rj.gov.br\/site\/wp-json\/wp\/v2\/types\/post"}],"author":[{"embeddable":true,"href":"https:\/\/www.fazenda.niteroi.rj.gov.br\/site\/wp-json\/wp\/v2\/users\/38"}],"replies":[{"embeddable":true,"href":"https:\/\/www.fazenda.niteroi.rj.gov.br\/site\/wp-json\/wp\/v2\/comments?post=30528"}],"version-history":[{"count":1,"href":"https:\/\/www.fazenda.niteroi.rj.gov.br\/site\/wp-json\/wp\/v2\/posts\/30528\/revisions"}],"predecessor-version":[{"id":30529,"href":"https:\/\/www.fazenda.niteroi.rj.gov.br\/site\/wp-json\/wp\/v2\/posts\/30528\/revisions\/30529"}],"wp:attachment":[{"href":"https:\/\/www.fazenda.niteroi.rj.gov.br\/site\/wp-json\/wp\/v2\/media?parent=30528"}],"wp:term":[{"taxonomy":"category","embeddable":true,"href":"https:\/\/www.fazenda.niteroi.rj.gov.br\/site\/wp-json\/wp\/v2\/categories?post=30528"},{"taxonomy":"post_tag","embeddable":true,"href":"https:\/\/www.fazenda.niteroi.rj.gov.br\/site\/wp-json\/wp\/v2\/tags?post=30528"}],"curies":[{"name":"wp","href":"https:\/\/api.w.org\/{rel}","templated":true}]}}