{"id":30602,"date":"2024-10-30T16:26:00","date_gmt":"2024-10-30T19:26:00","guid":{"rendered":"https:\/\/www.fazenda.niteroi.rj.gov.br\/site\/?p=30602"},"modified":"2024-12-30T16:28:41","modified_gmt":"2024-12-30T19:28:41","slug":"niteroi-no-citylab-organizado-pela-bloomberg-philanthropies","status":"publish","type":"post","link":"https:\/\/www.fazenda.niteroi.rj.gov.br\/site\/niteroi-no-citylab-organizado-pela-bloomberg-philanthropies\/","title":{"rendered":"Niter\u00f3i no CityLab, organizado pela Bloomberg Philanthropies"},"content":{"rendered":"\n<p>Neste m\u00eas, a Secretaria de Fazenda de Niter\u00f3i marcou presen\u00e7a no CityLab, evento global organizado pela Bloomberg Philanthropies na Cidade do M\u00e9xico, que reuniu mais de 700 gestores p\u00fablicos de todo o mundo, a fim de discutir solu\u00e7\u00f5es inovadoras para tornar as cidades mais inclusivas, sustent\u00e1veis e adaptadas \u00e0s necessidades de seus cidad\u00e3os, al\u00e9m de identificar e compartilhar solu\u00e7\u00f5es urbanas escal\u00e1veis.<\/p>\n\n\n\n<p>Representando o Brasil, Niter\u00f3i foi o \u00fanico munic\u00edpio a compartilhar suas iniciativas em um dos pain\u00e9is de destaque!<\/p>\n\n\n\n<p>A Secret\u00e1ria de Fazenda, Mar\u00edlia Ortiz, participou do painel sobre &#8220;Governan\u00e7a Orientada para Miss\u00f5es nas Cidades&#8221;, compartilhando as experi\u00eancias inovadoras que colocam Niter\u00f3i como refer\u00eancia em gest\u00e3o p\u00fablica. Entre as iniciativas apresentadas, est\u00e3o:<\/p>\n\n\n\n<p>\u2705 O Plano Niter\u00f3i que Queremos;<\/p>\n\n\n\n<p>\u2705 A Moeda Social Ararib\u00f3ia;<\/p>\n\n\n\n<p>\u2705 A cria\u00e7\u00e3o do Fundo de Royalties.<\/p>\n\n\n\n<p>A mesa contou com a media\u00e7\u00e3o de Ranier Kattel, Professor de Inova\u00e7\u00e3o e Governan\u00e7a P\u00fablica no Instituto de Inova\u00e7\u00e3o e Prop\u00f3sito P\u00fablico da University College London, al\u00e9m da participa\u00e7\u00e3o de l\u00edderes de outras grandes cidades, como Orion Barnet, Coordenador Geral do Plano Estrat\u00e9gico Metropolitano de Barcelona, e Luc\u00eda Soca, uma das gestoras do programa de moradias habitacionais de Montevid\u00e9u.<\/p>\n\n\n\n<p>A participa\u00e7\u00e3o da SMF nesse evento refor\u00e7a o reconhecimento internacional de Niter\u00f3i como uma cidade inovadora e comprometida com o desenvolvimento sustent\u00e1vel, al\u00e9m de proporcionar uma valiosa troca de experi\u00eancias para continuar aprimorando a gest\u00e3o p\u00fablica local. \ud83d\udca1<\/p>\n","protected":false},"excerpt":{"rendered":"<p>Neste m\u00eas, a Secretaria de Fazenda de Niter\u00f3i marcou presen\u00e7a no CityLab, evento global organizado pela Bloomberg Philanthropies na Cidade do M\u00e9xico, que reuniu mais de 700 gestores p\u00fablicos de [&hellip;]<\/p>\n","protected":false},"author":38,"featured_media":30603,"comment_status":"closed","ping_status":"closed","sticky":false,"template":"","format":"standard","meta":{"_et_pb_use_builder":"","_et_pb_old_content":"","_et_gb_content_width":"","_usar_header_alternativo":false,"footnotes":""},"categories":[10],"tags":[],"class_list":["post-30602","post","type-post","status-publish","format-standard","has-post-thumbnail","hentry","category-noticias","et-has-post-format-content","et_post_format-et-post-format-standard"],"_links":{"self":[{"href":"https:\/\/www.fazenda.niteroi.rj.gov.br\/site\/wp-json\/wp\/v2\/posts\/30602","targetHints":{"allow":["GET"]}}],"collection":[{"href":"https:\/\/www.fazenda.niteroi.rj.gov.br\/site\/wp-json\/wp\/v2\/posts"}],"about":[{"href":"https:\/\/www.fazenda.niteroi.rj.gov.br\/site\/wp-json\/wp\/v2\/types\/post"}],"author":[{"embeddable":true,"href":"https:\/\/www.fazenda.niteroi.rj.gov.br\/site\/wp-json\/wp\/v2\/users\/38"}],"replies":[{"embeddable":true,"href":"https:\/\/www.fazenda.niteroi.rj.gov.br\/site\/wp-json\/wp\/v2\/comments?post=30602"}],"version-history":[{"count":1,"href":"https:\/\/www.fazenda.niteroi.rj.gov.br\/site\/wp-json\/wp\/v2\/posts\/30602\/revisions"}],"predecessor-version":[{"id":30604,"href":"https:\/\/www.fazenda.niteroi.rj.gov.br\/site\/wp-json\/wp\/v2\/posts\/30602\/revisions\/30604"}],"wp:featuredmedia":[{"embeddable":true,"href":"https:\/\/www.fazenda.niteroi.rj.gov.br\/site\/wp-json\/wp\/v2\/media\/30603"}],"wp:attachment":[{"href":"https:\/\/www.fazenda.niteroi.rj.gov.br\/site\/wp-json\/wp\/v2\/media?parent=30602"}],"wp:term":[{"taxonomy":"category","embeddable":true,"href":"https:\/\/www.fazenda.niteroi.rj.gov.br\/site\/wp-json\/wp\/v2\/categories?post=30602"},{"taxonomy":"post_tag","embeddable":true,"href":"https:\/\/www.fazenda.niteroi.rj.gov.br\/site\/wp-json\/wp\/v2\/tags?post=30602"}],"curies":[{"name":"wp","href":"https:\/\/api.w.org\/{rel}","templated":true}]}}