{"id":30770,"date":"2025-01-21T17:08:44","date_gmt":"2025-01-21T20:08:44","guid":{"rendered":"https:\/\/www.fazenda.niteroi.rj.gov.br\/site\/?p=30770"},"modified":"2025-01-21T17:09:15","modified_gmt":"2025-01-21T20:09:15","slug":"agenda-21-01-2025-terca-feira","status":"publish","type":"post","link":"https:\/\/www.fazenda.niteroi.rj.gov.br\/site\/agenda-21-01-2025-terca-feira\/","title":{"rendered":"Agenda 21.01.2025 Ter\u00e7a-feira"},"content":{"rendered":"\n<p><\/p>\n\n\n\n<p>10h<br>Reuni\u00e3o com Diretor Andr\u00e9 Souto &#8211; BNDES, Sr. Salom\u00e3o Neto &#8211; Subs. de Finan\u00e7as.<br>Local: SMF<\/p>\n\n\n\n<p>11h30<br>Reuni\u00e3o Banestes, Sr. Salom\u00e3o Neto &#8211; Subs. de Finan\u00e7as e Sr. Francisco Marins &#8211; Tesoureiro<\/p>\n\n\n\n<p>15h<br>Reuni\u00e3o com a Sra. Ingrid Lucas &#8211; Assessora da ASPLAN e Sr. Juan Rodrigues &#8211; Subs. de Receitas<br>Pauta: Meta dos 100 dias<br>Local: SMF<\/p>\n\n\n\n<p>17h<br>Despacho Interno<\/p>\n","protected":false},"excerpt":{"rendered":"<p>10hReuni\u00e3o com Diretor Andr\u00e9 Souto &#8211; BNDES, Sr. Salom\u00e3o Neto &#8211; Subs. de Finan\u00e7as.Local: SMF 11h30Reuni\u00e3o Banestes, Sr. Salom\u00e3o Neto &#8211; Subs. de Finan\u00e7as e Sr. Francisco Marins &#8211; Tesoureiro [&hellip;]<\/p>\n","protected":false},"author":39,"featured_media":0,"comment_status":"closed","ping_status":"closed","sticky":false,"template":"","format":"standard","meta":{"_et_pb_use_builder":"","_et_pb_old_content":"","_et_gb_content_width":"","_usar_header_alternativo":false,"footnotes":""},"categories":[394],"tags":[],"class_list":["post-30770","post","type-post","status-publish","format-standard","hentry","category-agenda","et-doesnt-have-format-content","et_post_format-et-post-format-standard"],"_links":{"self":[{"href":"https:\/\/www.fazenda.niteroi.rj.gov.br\/site\/wp-json\/wp\/v2\/posts\/30770","targetHints":{"allow":["GET"]}}],"collection":[{"href":"https:\/\/www.fazenda.niteroi.rj.gov.br\/site\/wp-json\/wp\/v2\/posts"}],"about":[{"href":"https:\/\/www.fazenda.niteroi.rj.gov.br\/site\/wp-json\/wp\/v2\/types\/post"}],"author":[{"embeddable":true,"href":"https:\/\/www.fazenda.niteroi.rj.gov.br\/site\/wp-json\/wp\/v2\/users\/39"}],"replies":[{"embeddable":true,"href":"https:\/\/www.fazenda.niteroi.rj.gov.br\/site\/wp-json\/wp\/v2\/comments?post=30770"}],"version-history":[{"count":1,"href":"https:\/\/www.fazenda.niteroi.rj.gov.br\/site\/wp-json\/wp\/v2\/posts\/30770\/revisions"}],"predecessor-version":[{"id":30775,"href":"https:\/\/www.fazenda.niteroi.rj.gov.br\/site\/wp-json\/wp\/v2\/posts\/30770\/revisions\/30775"}],"wp:attachment":[{"href":"https:\/\/www.fazenda.niteroi.rj.gov.br\/site\/wp-json\/wp\/v2\/media?parent=30770"}],"wp:term":[{"taxonomy":"category","embeddable":true,"href":"https:\/\/www.fazenda.niteroi.rj.gov.br\/site\/wp-json\/wp\/v2\/categories?post=30770"},{"taxonomy":"post_tag","embeddable":true,"href":"https:\/\/www.fazenda.niteroi.rj.gov.br\/site\/wp-json\/wp\/v2\/tags?post=30770"}],"curies":[{"name":"wp","href":"https:\/\/api.w.org\/{rel}","templated":true}]}}