{"id":30885,"date":"2025-01-24T14:58:36","date_gmt":"2025-01-24T17:58:36","guid":{"rendered":"https:\/\/www.fazenda.niteroi.rj.gov.br\/site\/?p=30885"},"modified":"2025-01-24T14:59:06","modified_gmt":"2025-01-24T17:59:06","slug":"acordao-no-3391-2024-2","status":"publish","type":"post","link":"https:\/\/www.fazenda.niteroi.rj.gov.br\/site\/acordao-no-3391-2024-2\/","title":{"rendered":"Ac\u00f3rd\u00e3o n\u00ba 3391\/2024"},"content":{"rendered":"\n<ul class=\"wp-block-list\">\n<li>1522 Sess\u00e3o Ordin\u00e1ria, de 24\/07\/2024<\/li>\n\n\n\n<li>Processo: 030\/006853\/2023<\/li>\n\n\n\n<li>Recorrente: Depylplus Servi\u00e7os de Depila\u00e7\u00e3o e Com\u00e9rcio Ltda ME<\/li>\n<\/ul>\n\n\n\n<p><strong>\u201cEmenta: ISSQN \u2013 Recurso volunt\u00e1rio \u2013 Obriga\u00e7\u00e3o Acess\u00f3ria \u2013 N\u00e3o emiss\u00e3o de nota fiscal \u2013 Art. 121, I, Al\u00ednea A da Lei 2597\/2008 \u2013 Identifica\u00e7\u00e3o de receitas n\u00e3o oferecidas \u00e0 tributa\u00e7\u00e3o nos extratos banc\u00e1rios \u2013 Recurso volunt\u00e1rio conhecido e n\u00e3o provido\u201d.<\/strong><\/p>\n\n\n\n<ul class=\"wp-block-list\">\n<li>Inteiro teor: <a href=\"https:\/\/www.fazenda.niteroi.rj.gov.br\/site\/wp-content\/uploads\/2025\/01\/PA-06853.23-ACORDAO-3391.24-2.pdf\">Ac\u00f3rd\u00e3o 3391\/2024.<\/a><\/li>\n<\/ul>\n","protected":false},"excerpt":{"rendered":"<p>\u201cEmenta: ISSQN \u2013 Recurso volunt\u00e1rio \u2013 Obriga\u00e7\u00e3o Acess\u00f3ria \u2013 N\u00e3o emiss\u00e3o de nota fiscal \u2013 Art. 121, I, Al\u00ednea A da Lei 2597\/2008 \u2013 Identifica\u00e7\u00e3o de receitas n\u00e3o oferecidas \u00e0 tributa\u00e7\u00e3o nos extratos banc\u00e1rios \u2013 Recurso volunt\u00e1rio conhecido e n\u00e3o provido\u201d.<\/p>\n","protected":false},"author":4,"featured_media":0,"comment_status":"closed","ping_status":"closed","sticky":false,"template":"","format":"standard","meta":{"_et_pb_use_builder":"","_et_pb_old_content":"","_et_gb_content_width":"","_usar_header_alternativo":false,"footnotes":""},"categories":[131,126],"tags":[],"class_list":["post-30885","post","type-post","status-publish","format-standard","hentry","category-acordaos","category-ccn","et-doesnt-have-format-content","et_post_format-et-post-format-standard"],"_links":{"self":[{"href":"https:\/\/www.fazenda.niteroi.rj.gov.br\/site\/wp-json\/wp\/v2\/posts\/30885","targetHints":{"allow":["GET"]}}],"collection":[{"href":"https:\/\/www.fazenda.niteroi.rj.gov.br\/site\/wp-json\/wp\/v2\/posts"}],"about":[{"href":"https:\/\/www.fazenda.niteroi.rj.gov.br\/site\/wp-json\/wp\/v2\/types\/post"}],"author":[{"embeddable":true,"href":"https:\/\/www.fazenda.niteroi.rj.gov.br\/site\/wp-json\/wp\/v2\/users\/4"}],"replies":[{"embeddable":true,"href":"https:\/\/www.fazenda.niteroi.rj.gov.br\/site\/wp-json\/wp\/v2\/comments?post=30885"}],"version-history":[{"count":1,"href":"https:\/\/www.fazenda.niteroi.rj.gov.br\/site\/wp-json\/wp\/v2\/posts\/30885\/revisions"}],"predecessor-version":[{"id":30886,"href":"https:\/\/www.fazenda.niteroi.rj.gov.br\/site\/wp-json\/wp\/v2\/posts\/30885\/revisions\/30886"}],"wp:attachment":[{"href":"https:\/\/www.fazenda.niteroi.rj.gov.br\/site\/wp-json\/wp\/v2\/media?parent=30885"}],"wp:term":[{"taxonomy":"category","embeddable":true,"href":"https:\/\/www.fazenda.niteroi.rj.gov.br\/site\/wp-json\/wp\/v2\/categories?post=30885"},{"taxonomy":"post_tag","embeddable":true,"href":"https:\/\/www.fazenda.niteroi.rj.gov.br\/site\/wp-json\/wp\/v2\/tags?post=30885"}],"curies":[{"name":"wp","href":"https:\/\/api.w.org\/{rel}","templated":true}]}}