{"id":30902,"date":"2025-01-27T10:29:29","date_gmt":"2025-01-27T13:29:29","guid":{"rendered":"https:\/\/www.fazenda.niteroi.rj.gov.br\/site\/?p=30902"},"modified":"2025-01-27T10:29:59","modified_gmt":"2025-01-27T13:29:59","slug":"acordao-no-3395-2024","status":"publish","type":"post","link":"https:\/\/www.fazenda.niteroi.rj.gov.br\/site\/acordao-no-3395-2024\/","title":{"rendered":"Ac\u00f3rd\u00e3o n\u00ba 3395\/2024"},"content":{"rendered":"\n<ul class=\"wp-block-list\">\n<li>1524\u00aa Sess\u00e3o Ordin\u00e1ria, de 31\/07\/2024<\/li>\n\n\n\n<li>Processo: 030\/001046\/2023<\/li>\n\n\n\n<li>Recorrente: Ant\u00f4nio Eduardo de Oliveira<\/li>\n<\/ul>\n\n\n\n<p><strong>\u201cEmenta: IPTU \u2013 Recurso volunt\u00e1rio e recurso de of\u00edcio \u2013 Lan\u00e7amento complementar \u2013 Solicita\u00e7\u00e3o de revis\u00e3o do valor venal \u2013 S\u00famula Administrativa CCN n\u00ba 5 de 09\/04\/2024 \u2013 Pedidos de impugna\u00e7\u00e3o dos lan\u00e7amentos complementares&nbsp; Compet\u00eancias de 2017 a 2022 n\u00e3o conhecidos por Intempestividades \u2013 Classifica\u00e7\u00e3o como&nbsp; alinhada ao inv\u00e9s de recuada \u2013 Regularidade do procedimento adotado pelo fisco municipal na avalia\u00e7\u00e3o do im\u00f3vel \u2013 Avalia\u00e7\u00e3o realizada por auditores fiscais habilitados plenamente v\u00e1lidos \u2013 Recurso volunt\u00e1rio conhecido e n\u00e3o provido e recurso de of\u00edcio conhecido e n\u00e3o provido \u201d.<\/strong><\/p>\n\n\n\n<ul class=\"wp-block-list\">\n<li>Inteiro teor: <a href=\"https:\/\/www.fazenda.niteroi.rj.gov.br\/site\/wp-content\/uploads\/2025\/01\/PA-01046.23-ACORDAO-3395.24.pdf\">Ac\u00f3rd\u00e3o 3395\/2024<\/a><\/li>\n<\/ul>\n","protected":false},"excerpt":{"rendered":"<p>\u201cEmenta: IPTU \u2013 Recurso volunt\u00e1rio e recurso de of\u00edcio \u2013 Lan\u00e7amento complementar \u2013 Solicita\u00e7\u00e3o de revis\u00e3o do valor venal \u2013 S\u00famula Administrativa CCN n\u00ba 5 de 09\/04\/2024 \u2013 Pedidos de impugna\u00e7\u00e3o dos lan\u00e7amentos complementares\u00a0 Compet\u00eancias de 2017 a 2022 n\u00e3o conhecidos por Intempestividades \u2013 Classifica\u00e7\u00e3o como\u00a0 alinhada ao inv\u00e9s de recuada \u2013 Regularidade do procedimento adotado pelo fisco municipal na avalia\u00e7\u00e3o do im\u00f3vel \u2013 Avalia\u00e7\u00e3o realizada por auditores fiscais habilitados plenamente v\u00e1lidos \u2013 Recurso volunt\u00e1rio conhecido e n\u00e3o provido e recurso de of\u00edcio conhecido e n\u00e3o provido \u201d<\/p>\n","protected":false},"author":4,"featured_media":0,"comment_status":"closed","ping_status":"closed","sticky":false,"template":"","format":"standard","meta":{"_et_pb_use_builder":"","_et_pb_old_content":"","_et_gb_content_width":"","_usar_header_alternativo":false,"footnotes":""},"categories":[131,126],"tags":[],"class_list":["post-30902","post","type-post","status-publish","format-standard","hentry","category-acordaos","category-ccn","et-doesnt-have-format-content","et_post_format-et-post-format-standard"],"_links":{"self":[{"href":"https:\/\/www.fazenda.niteroi.rj.gov.br\/site\/wp-json\/wp\/v2\/posts\/30902","targetHints":{"allow":["GET"]}}],"collection":[{"href":"https:\/\/www.fazenda.niteroi.rj.gov.br\/site\/wp-json\/wp\/v2\/posts"}],"about":[{"href":"https:\/\/www.fazenda.niteroi.rj.gov.br\/site\/wp-json\/wp\/v2\/types\/post"}],"author":[{"embeddable":true,"href":"https:\/\/www.fazenda.niteroi.rj.gov.br\/site\/wp-json\/wp\/v2\/users\/4"}],"replies":[{"embeddable":true,"href":"https:\/\/www.fazenda.niteroi.rj.gov.br\/site\/wp-json\/wp\/v2\/comments?post=30902"}],"version-history":[{"count":1,"href":"https:\/\/www.fazenda.niteroi.rj.gov.br\/site\/wp-json\/wp\/v2\/posts\/30902\/revisions"}],"predecessor-version":[{"id":30904,"href":"https:\/\/www.fazenda.niteroi.rj.gov.br\/site\/wp-json\/wp\/v2\/posts\/30902\/revisions\/30904"}],"wp:attachment":[{"href":"https:\/\/www.fazenda.niteroi.rj.gov.br\/site\/wp-json\/wp\/v2\/media?parent=30902"}],"wp:term":[{"taxonomy":"category","embeddable":true,"href":"https:\/\/www.fazenda.niteroi.rj.gov.br\/site\/wp-json\/wp\/v2\/categories?post=30902"},{"taxonomy":"post_tag","embeddable":true,"href":"https:\/\/www.fazenda.niteroi.rj.gov.br\/site\/wp-json\/wp\/v2\/tags?post=30902"}],"curies":[{"name":"wp","href":"https:\/\/api.w.org\/{rel}","templated":true}]}}