{"id":30905,"date":"2025-01-27T10:42:18","date_gmt":"2025-01-27T13:42:18","guid":{"rendered":"https:\/\/www.fazenda.niteroi.rj.gov.br\/site\/?p=30905"},"modified":"2025-01-27T11:08:00","modified_gmt":"2025-01-27T14:08:00","slug":"acordao-no-3396-2024","status":"publish","type":"post","link":"https:\/\/www.fazenda.niteroi.rj.gov.br\/site\/acordao-no-3396-2024\/","title":{"rendered":"Ac\u00f3rd\u00e3o n\u00ba 3396\/2024"},"content":{"rendered":"\n<ul class=\"wp-block-list\">\n<li>1525\u00aa Sess\u00e3o Ordin\u00e1ria, de 31\/07\/2024<\/li>\n\n\n\n<li>Processo: 030\/005049\/2021<\/li>\n\n\n\n<li>Recorrente: &nbsp;Gianfranco Di Leone<\/li>\n<\/ul>\n\n\n\n<p><strong>\u201cEmenta: IPTU. Recurso de Of\u00edcio. Notifica\u00e7\u00e3o de Lan\u00e7amento complementar. Revis\u00e3o de elementos cadastrais. Erro na identifica\u00e7\u00e3o do sujeito passivo. Princ\u00edpio da autotutela administrativa. Anula\u00e7\u00e3o dos lan\u00e7amentos complementares por v\u00edcio insan\u00e1vel. Realiza\u00e7\u00e3o de novos lan\u00e7amentos em face dos indiv\u00edduos legalmente obrigados a figurar no polo passivo da cobran\u00e7a, respeitando-se o prazo decadencial previsto no art. 173, inciso I, do CTN. Recurso de Of\u00edcio conhecido e n\u00e3o provido\u201d.<\/strong><\/p>\n\n\n\n<ul class=\"wp-block-list\">\n<li>Inteiro teor:<a href=\"https:\/\/www.fazenda.niteroi.rj.gov.br\/site\/wp-content\/uploads\/2025\/01\/PA-05049.21-ACORDAO-3396.24.pdf\"> Ac\u00f3rd\u00e3o 3396\/2024<\/a><\/li>\n<\/ul>\n","protected":false},"excerpt":{"rendered":"<p>\u201cEmenta: IPTU. Recurso de Of\u00edcio. Notifica\u00e7\u00e3o de Lan\u00e7amento complementar. Revis\u00e3o de elementos cadastrais. Erro na identifica\u00e7\u00e3o do sujeito passivo. Princ\u00edpio da autotutela administrativa. Anula\u00e7\u00e3o dos lan\u00e7amentos complementares por v\u00edcio insan\u00e1vel. Realiza\u00e7\u00e3o de novos lan\u00e7amentos em face dos indiv\u00edduos legalmente obrigados a figurar no polo passivo da cobran\u00e7a, respeitando-se o prazo decadencial previsto no art. 173, inciso I, do CTN. Recurso de Of\u00edcio conhecido e n\u00e3o provido\u201d.<\/p>\n","protected":false},"author":4,"featured_media":0,"comment_status":"closed","ping_status":"closed","sticky":false,"template":"","format":"standard","meta":{"_et_pb_use_builder":"","_et_pb_old_content":"","_et_gb_content_width":"","_usar_header_alternativo":false,"footnotes":""},"categories":[131,126],"tags":[],"class_list":["post-30905","post","type-post","status-publish","format-standard","hentry","category-acordaos","category-ccn","et-doesnt-have-format-content","et_post_format-et-post-format-standard"],"_links":{"self":[{"href":"https:\/\/www.fazenda.niteroi.rj.gov.br\/site\/wp-json\/wp\/v2\/posts\/30905","targetHints":{"allow":["GET"]}}],"collection":[{"href":"https:\/\/www.fazenda.niteroi.rj.gov.br\/site\/wp-json\/wp\/v2\/posts"}],"about":[{"href":"https:\/\/www.fazenda.niteroi.rj.gov.br\/site\/wp-json\/wp\/v2\/types\/post"}],"author":[{"embeddable":true,"href":"https:\/\/www.fazenda.niteroi.rj.gov.br\/site\/wp-json\/wp\/v2\/users\/4"}],"replies":[{"embeddable":true,"href":"https:\/\/www.fazenda.niteroi.rj.gov.br\/site\/wp-json\/wp\/v2\/comments?post=30905"}],"version-history":[{"count":4,"href":"https:\/\/www.fazenda.niteroi.rj.gov.br\/site\/wp-json\/wp\/v2\/posts\/30905\/revisions"}],"predecessor-version":[{"id":30914,"href":"https:\/\/www.fazenda.niteroi.rj.gov.br\/site\/wp-json\/wp\/v2\/posts\/30905\/revisions\/30914"}],"wp:attachment":[{"href":"https:\/\/www.fazenda.niteroi.rj.gov.br\/site\/wp-json\/wp\/v2\/media?parent=30905"}],"wp:term":[{"taxonomy":"category","embeddable":true,"href":"https:\/\/www.fazenda.niteroi.rj.gov.br\/site\/wp-json\/wp\/v2\/categories?post=30905"},{"taxonomy":"post_tag","embeddable":true,"href":"https:\/\/www.fazenda.niteroi.rj.gov.br\/site\/wp-json\/wp\/v2\/tags?post=30905"}],"curies":[{"name":"wp","href":"https:\/\/api.w.org\/{rel}","templated":true}]}}