{"id":30922,"date":"2025-01-27T11:36:55","date_gmt":"2025-01-27T14:36:55","guid":{"rendered":"https:\/\/www.fazenda.niteroi.rj.gov.br\/site\/?p=30922"},"modified":"2025-01-27T11:37:24","modified_gmt":"2025-01-27T14:37:24","slug":"acordao-no-3399-2024","status":"publish","type":"post","link":"https:\/\/www.fazenda.niteroi.rj.gov.br\/site\/acordao-no-3399-2024\/","title":{"rendered":"Ac\u00f3rd\u00e3o n\u00ba 3399\/2024"},"content":{"rendered":"\n<ul class=\"wp-block-list\">\n<li>1527\u00aa Sess\u00e3o Ordin\u00e1ria, de 14\/08\/2024<\/li>\n\n\n\n<li>Processo: 030\/017660\/2021<\/li>\n\n\n\n<li>Recorrente: Nice Servi\u00e7os Comerciais de Limpeza Ltda<\/li>\n<\/ul>\n\n\n\n<p><strong>\u201cEmenta: ISSQN. Recurso de of\u00edcio. Impugna\u00e7\u00e3o de lan\u00e7amento de ISSQN. Servi\u00e7os prestados em outro munic\u00edpio a tomador sediado fora de Niter\u00f3i. Exce\u00e7\u00e3o prevista no art. 3\u00ba, VII da LC 116\/03. Deferimento da impugna\u00e7\u00e3o e cancelamento do lan\u00e7amento. Recurso de of\u00edcio conhecido e n\u00e3o provido\u201d.<\/strong> <\/p>\n\n\n\n<p>Inteiro teor: <a href=\"https:\/\/www.fazenda.niteroi.rj.gov.br\/site\/wp-content\/uploads\/2025\/01\/PA-017660.21-ACORDAO-3399.24.pdf\">Ac\u00f3rd\u00e3o 3399\/2024<\/a><\/p>\n","protected":false},"excerpt":{"rendered":"<p>Ementa: ISSQN. Recurso de of\u00edcio. Impugna\u00e7\u00e3o de lan\u00e7amento de ISSQN. Servi\u00e7os prestados em outro munic\u00edpio a tomador sediado fora de Niter\u00f3i. Exce\u00e7\u00e3o prevista no art. 3\u00ba, VII da LC 116\/03. Deferimento da impugna\u00e7\u00e3o e cancelamento do lan\u00e7amento. Recurso de of\u00edcio conhecido e n\u00e3o provido\u201d. <\/p>\n","protected":false},"author":4,"featured_media":0,"comment_status":"closed","ping_status":"closed","sticky":false,"template":"","format":"standard","meta":{"_et_pb_use_builder":"","_et_pb_old_content":"","_et_gb_content_width":"","_usar_header_alternativo":false,"footnotes":""},"categories":[131,126],"tags":[],"class_list":["post-30922","post","type-post","status-publish","format-standard","hentry","category-acordaos","category-ccn","et-doesnt-have-format-content","et_post_format-et-post-format-standard"],"_links":{"self":[{"href":"https:\/\/www.fazenda.niteroi.rj.gov.br\/site\/wp-json\/wp\/v2\/posts\/30922","targetHints":{"allow":["GET"]}}],"collection":[{"href":"https:\/\/www.fazenda.niteroi.rj.gov.br\/site\/wp-json\/wp\/v2\/posts"}],"about":[{"href":"https:\/\/www.fazenda.niteroi.rj.gov.br\/site\/wp-json\/wp\/v2\/types\/post"}],"author":[{"embeddable":true,"href":"https:\/\/www.fazenda.niteroi.rj.gov.br\/site\/wp-json\/wp\/v2\/users\/4"}],"replies":[{"embeddable":true,"href":"https:\/\/www.fazenda.niteroi.rj.gov.br\/site\/wp-json\/wp\/v2\/comments?post=30922"}],"version-history":[{"count":1,"href":"https:\/\/www.fazenda.niteroi.rj.gov.br\/site\/wp-json\/wp\/v2\/posts\/30922\/revisions"}],"predecessor-version":[{"id":30924,"href":"https:\/\/www.fazenda.niteroi.rj.gov.br\/site\/wp-json\/wp\/v2\/posts\/30922\/revisions\/30924"}],"wp:attachment":[{"href":"https:\/\/www.fazenda.niteroi.rj.gov.br\/site\/wp-json\/wp\/v2\/media?parent=30922"}],"wp:term":[{"taxonomy":"category","embeddable":true,"href":"https:\/\/www.fazenda.niteroi.rj.gov.br\/site\/wp-json\/wp\/v2\/categories?post=30922"},{"taxonomy":"post_tag","embeddable":true,"href":"https:\/\/www.fazenda.niteroi.rj.gov.br\/site\/wp-json\/wp\/v2\/tags?post=30922"}],"curies":[{"name":"wp","href":"https:\/\/api.w.org\/{rel}","templated":true}]}}