{"id":30934,"date":"2025-01-27T11:52:58","date_gmt":"2025-01-27T14:52:58","guid":{"rendered":"https:\/\/www.fazenda.niteroi.rj.gov.br\/site\/?p=30934"},"modified":"2025-01-27T17:08:59","modified_gmt":"2025-01-27T20:08:59","slug":"acordao-no-3402-2024","status":"publish","type":"post","link":"https:\/\/www.fazenda.niteroi.rj.gov.br\/site\/acordao-no-3402-2024\/","title":{"rendered":"Ac\u00f3rd\u00e3o n\u00ba 3402\/2024"},"content":{"rendered":"\n<ul class=\"wp-block-list\">\n<li>1528\u00aa Sess\u00e3o Ordin\u00e1ria, de 21\/08\/2024<\/li>\n\n\n\n<li>Processo: 030\/018236\/2018<\/li>\n\n\n\n<li>Recorrente: Diocleciano Paulo da Silva Pegado<\/li>\n<\/ul>\n\n\n\n<p><strong>\u201cEmenta: IPTU \u2013 Recurso Volunt\u00e1rio. Revis\u00e3o de Lan\u00e7amento. Solicita\u00e7\u00e3o de prorroga\u00e7\u00e3o tempestiva. Termino de Prazos Processuais em dias de Expediente Normal na SMF. Art. 18 da Lei 3.368\/2018 e Decreto 14.128\/2021 de 01.09.2021. Prorroga\u00e7\u00e3o T\u00e1cita por Aus\u00eancia de manifesta\u00e7\u00e3o da Autoridade Fiscal. \u00a7 6 \u00ba do Art. 20 da lei 3.368\/2018. Remessa dos autos para 1\u00aa Inst\u00e2ncia para julgamento do m\u00e9rito. Recurso Volunt\u00e1rio conhecido e provido quanto a tempestividade da impugna\u00e7\u00e3o\u201d.<\/strong> Inteiro teor: <a href=\"https:\/\/www.fazenda.niteroi.rj.gov.br\/site\/wp-content\/uploads\/2025\/01\/PA-018236.18-AORDAO-3402.24.pdf\">Ac\u00f3rd\u00e3o 3402\/2024<\/a><\/p>\n","protected":false},"excerpt":{"rendered":"<p>\u201cEmenta: IPTU \u2013 Recurso Volunt\u00e1rio. Revis\u00e3o de Lan\u00e7amento. Solicita\u00e7\u00e3o de prorroga\u00e7\u00e3o tempestiva. Termino de Prazos Processuais em dias de Expediente Normal na SMF. Art. 18 da Lei 3.368\/2018 e Decreto 14.128\/2021 de 01.09.2021. Prorroga\u00e7\u00e3o T\u00e1cita por Aus\u00eancia de manifesta\u00e7\u00e3o da Autoridade Fiscal. \u00a7 6 \u00ba do Art. 20 da lei 3.368\/2018. Remessa dos autos para 1\u00aa Inst\u00e2ncia para julgamento do m\u00e9rito. Recurso Volunt\u00e1rio conhecido e provido quanto a tempestividade da impugna\u00e7\u00e3o\u201d. <\/p>\n","protected":false},"author":4,"featured_media":0,"comment_status":"closed","ping_status":"closed","sticky":false,"template":"","format":"standard","meta":{"_et_pb_use_builder":"","_et_pb_old_content":"","_et_gb_content_width":"","_usar_header_alternativo":false,"footnotes":""},"categories":[131,126],"tags":[],"class_list":["post-30934","post","type-post","status-publish","format-standard","hentry","category-acordaos","category-ccn","et-doesnt-have-format-content","et_post_format-et-post-format-standard"],"_links":{"self":[{"href":"https:\/\/www.fazenda.niteroi.rj.gov.br\/site\/wp-json\/wp\/v2\/posts\/30934","targetHints":{"allow":["GET"]}}],"collection":[{"href":"https:\/\/www.fazenda.niteroi.rj.gov.br\/site\/wp-json\/wp\/v2\/posts"}],"about":[{"href":"https:\/\/www.fazenda.niteroi.rj.gov.br\/site\/wp-json\/wp\/v2\/types\/post"}],"author":[{"embeddable":true,"href":"https:\/\/www.fazenda.niteroi.rj.gov.br\/site\/wp-json\/wp\/v2\/users\/4"}],"replies":[{"embeddable":true,"href":"https:\/\/www.fazenda.niteroi.rj.gov.br\/site\/wp-json\/wp\/v2\/comments?post=30934"}],"version-history":[{"count":5,"href":"https:\/\/www.fazenda.niteroi.rj.gov.br\/site\/wp-json\/wp\/v2\/posts\/30934\/revisions"}],"predecessor-version":[{"id":31022,"href":"https:\/\/www.fazenda.niteroi.rj.gov.br\/site\/wp-json\/wp\/v2\/posts\/30934\/revisions\/31022"}],"wp:attachment":[{"href":"https:\/\/www.fazenda.niteroi.rj.gov.br\/site\/wp-json\/wp\/v2\/media?parent=30934"}],"wp:term":[{"taxonomy":"category","embeddable":true,"href":"https:\/\/www.fazenda.niteroi.rj.gov.br\/site\/wp-json\/wp\/v2\/categories?post=30934"},{"taxonomy":"post_tag","embeddable":true,"href":"https:\/\/www.fazenda.niteroi.rj.gov.br\/site\/wp-json\/wp\/v2\/tags?post=30934"}],"curies":[{"name":"wp","href":"https:\/\/api.w.org\/{rel}","templated":true}]}}