{"id":31043,"date":"2025-01-28T15:41:40","date_gmt":"2025-01-28T18:41:40","guid":{"rendered":"https:\/\/www.fazenda.niteroi.rj.gov.br\/site\/?p=31043"},"modified":"2025-01-28T15:42:14","modified_gmt":"2025-01-28T18:42:14","slug":"agenda-28-01-2025-terca-feira","status":"publish","type":"post","link":"https:\/\/www.fazenda.niteroi.rj.gov.br\/site\/agenda-28-01-2025-terca-feira\/","title":{"rendered":"Agenda 28.01.2025 Ter\u00e7a-feira"},"content":{"rendered":"\n<p>10h<br>Reuni\u00e3o com Banco Ita\u00fa<br>Local: SMF<\/p>\n\n\n\n<p>15h<br>Reuni\u00e3o com o Sr. Felipe Peixoto &#8211; Secret\u00e1rio Executivo, Francisco &#8211; Procurador, Sr. Juan Rodrigues &#8211; Subs de Receitas e Sr. Thiago Visconti &#8211; Coordenador de IPTU e ADEMI.<br>Local: SMF<\/p>\n\n\n\n<p>16h<br>Comiss\u00e3o de Programa\u00e7\u00e3o Financeira e Gest\u00e3o Fiscal &#8211; CPFGF<br>Local: Gabinete do Prefeito<\/p>\n","protected":false},"excerpt":{"rendered":"<p>10hReuni\u00e3o com Banco Ita\u00faLocal: SMF 15hReuni\u00e3o com o Sr. Felipe Peixoto &#8211; Secret\u00e1rio Executivo, Francisco &#8211; Procurador, Sr. Juan Rodrigues &#8211; Subs de Receitas e Sr. Thiago Visconti &#8211; Coordenador [&hellip;]<\/p>\n","protected":false},"author":41,"featured_media":0,"comment_status":"closed","ping_status":"closed","sticky":false,"template":"","format":"standard","meta":{"_et_pb_use_builder":"","_et_pb_old_content":"","_et_gb_content_width":"","_usar_header_alternativo":false,"footnotes":""},"categories":[394],"tags":[397,452],"class_list":["post-31043","post","type-post","status-publish","format-standard","hentry","category-agenda","tag-agenda-da-secretaria","tag-transparencia","et-doesnt-have-format-content","et_post_format-et-post-format-standard"],"_links":{"self":[{"href":"https:\/\/www.fazenda.niteroi.rj.gov.br\/site\/wp-json\/wp\/v2\/posts\/31043","targetHints":{"allow":["GET"]}}],"collection":[{"href":"https:\/\/www.fazenda.niteroi.rj.gov.br\/site\/wp-json\/wp\/v2\/posts"}],"about":[{"href":"https:\/\/www.fazenda.niteroi.rj.gov.br\/site\/wp-json\/wp\/v2\/types\/post"}],"author":[{"embeddable":true,"href":"https:\/\/www.fazenda.niteroi.rj.gov.br\/site\/wp-json\/wp\/v2\/users\/41"}],"replies":[{"embeddable":true,"href":"https:\/\/www.fazenda.niteroi.rj.gov.br\/site\/wp-json\/wp\/v2\/comments?post=31043"}],"version-history":[{"count":1,"href":"https:\/\/www.fazenda.niteroi.rj.gov.br\/site\/wp-json\/wp\/v2\/posts\/31043\/revisions"}],"predecessor-version":[{"id":31044,"href":"https:\/\/www.fazenda.niteroi.rj.gov.br\/site\/wp-json\/wp\/v2\/posts\/31043\/revisions\/31044"}],"wp:attachment":[{"href":"https:\/\/www.fazenda.niteroi.rj.gov.br\/site\/wp-json\/wp\/v2\/media?parent=31043"}],"wp:term":[{"taxonomy":"category","embeddable":true,"href":"https:\/\/www.fazenda.niteroi.rj.gov.br\/site\/wp-json\/wp\/v2\/categories?post=31043"},{"taxonomy":"post_tag","embeddable":true,"href":"https:\/\/www.fazenda.niteroi.rj.gov.br\/site\/wp-json\/wp\/v2\/tags?post=31043"}],"curies":[{"name":"wp","href":"https:\/\/api.w.org\/{rel}","templated":true}]}}