{"id":31047,"date":"2025-01-28T16:05:27","date_gmt":"2025-01-28T19:05:27","guid":{"rendered":"https:\/\/www.fazenda.niteroi.rj.gov.br\/site\/?p=31047"},"modified":"2025-01-28T16:06:05","modified_gmt":"2025-01-28T19:06:05","slug":"acordao-no-3422-2024","status":"publish","type":"post","link":"https:\/\/www.fazenda.niteroi.rj.gov.br\/site\/acordao-no-3422-2024\/","title":{"rendered":"Ac\u00f3rd\u00e3o n\u00ba 3422\/2024"},"content":{"rendered":"\n<ul class=\"wp-block-list\">\n<li>1542\u00aa Sess\u00e3o Ordin\u00e1ria, de 25\/09\/2024<\/li>\n\n\n\n<li>Processo: 030\/001835\/2022<\/li>\n\n\n\n<li>Recorrente: Samuel de Oliveira Freitas<\/li>\n\n\n\n<li><strong>\u201cEmenta: \u201cRecurso Volunt\u00e1rio. IPTU E TCIL. Pedido de Revis\u00e3o de Lan\u00e7amento. Altera\u00e7\u00e3o por Corre\u00e7\u00e3o Monet\u00e1ria Amparada em Lei Municipal. Recurso conhecido e n\u00e3o provido\u201d.<\/strong><\/li>\n\n\n\n<li>Inteiro teor:<a href=\"https:\/\/www.fazenda.niteroi.rj.gov.br\/site\/wp-content\/uploads\/2025\/01\/PA-01835.22-ACORDAO-3422.24.pdf\"> Ac\u00f3rd\u00e3o 3422\/2024<\/a><\/li>\n<\/ul>\n","protected":false},"excerpt":{"rendered":"<p>\u201cEmenta: \u201cRecurso Volunt\u00e1rio. IPTU E TCIL. Pedido de Revis\u00e3o de Lan\u00e7amento. Altera\u00e7\u00e3o por Corre\u00e7\u00e3o Monet\u00e1ria Amparada em Lei Municipal. Recurso conhecido e n\u00e3o provido\u201d.<\/p>\n","protected":false},"author":4,"featured_media":0,"comment_status":"closed","ping_status":"closed","sticky":false,"template":"","format":"standard","meta":{"_et_pb_use_builder":"","_et_pb_old_content":"","_et_gb_content_width":"","_usar_header_alternativo":false,"footnotes":""},"categories":[131,126],"tags":[],"class_list":["post-31047","post","type-post","status-publish","format-standard","hentry","category-acordaos","category-ccn","et-doesnt-have-format-content","et_post_format-et-post-format-standard"],"_links":{"self":[{"href":"https:\/\/www.fazenda.niteroi.rj.gov.br\/site\/wp-json\/wp\/v2\/posts\/31047","targetHints":{"allow":["GET"]}}],"collection":[{"href":"https:\/\/www.fazenda.niteroi.rj.gov.br\/site\/wp-json\/wp\/v2\/posts"}],"about":[{"href":"https:\/\/www.fazenda.niteroi.rj.gov.br\/site\/wp-json\/wp\/v2\/types\/post"}],"author":[{"embeddable":true,"href":"https:\/\/www.fazenda.niteroi.rj.gov.br\/site\/wp-json\/wp\/v2\/users\/4"}],"replies":[{"embeddable":true,"href":"https:\/\/www.fazenda.niteroi.rj.gov.br\/site\/wp-json\/wp\/v2\/comments?post=31047"}],"version-history":[{"count":1,"href":"https:\/\/www.fazenda.niteroi.rj.gov.br\/site\/wp-json\/wp\/v2\/posts\/31047\/revisions"}],"predecessor-version":[{"id":31049,"href":"https:\/\/www.fazenda.niteroi.rj.gov.br\/site\/wp-json\/wp\/v2\/posts\/31047\/revisions\/31049"}],"wp:attachment":[{"href":"https:\/\/www.fazenda.niteroi.rj.gov.br\/site\/wp-json\/wp\/v2\/media?parent=31047"}],"wp:term":[{"taxonomy":"category","embeddable":true,"href":"https:\/\/www.fazenda.niteroi.rj.gov.br\/site\/wp-json\/wp\/v2\/categories?post=31047"},{"taxonomy":"post_tag","embeddable":true,"href":"https:\/\/www.fazenda.niteroi.rj.gov.br\/site\/wp-json\/wp\/v2\/tags?post=31047"}],"curies":[{"name":"wp","href":"https:\/\/api.w.org\/{rel}","templated":true}]}}