{"id":31182,"date":"2025-01-30T10:55:02","date_gmt":"2025-01-30T13:55:02","guid":{"rendered":"https:\/\/www.fazenda.niteroi.rj.gov.br\/site\/?p=31182"},"modified":"2025-01-30T10:55:45","modified_gmt":"2025-01-30T13:55:45","slug":"acordao-no-3437-2024","status":"publish","type":"post","link":"https:\/\/www.fazenda.niteroi.rj.gov.br\/site\/acordao-no-3437-2024\/","title":{"rendered":"Ac\u00f3rd\u00e3o n\u00ba 3437\/2024"},"content":{"rendered":"\n<ul class=\"wp-block-list\">\n<li>1549\u00aa Sess\u00e3o Ordin\u00e1ria, de 16\/10\/2024<\/li>\n\n\n\n<li>Processo: 030\/001788\/2023<\/li>\n\n\n\n<li>Recorrente: Esp\u00f3lio de Trist\u00e3o Martins Filho<\/li>\n\n\n\n<li><strong>\u201cEmenta: IPTU. RECURSOS VOLUNT\u00c1RIO E DE OF\u00cdCIO. OBRIGA\u00c7\u00c3O PRINCIPAL. LAN\u00c7AMENTO ANUAL. A transmiss\u00e3o da propriedade causa mortis ocorre no momento da abertura da sucess\u00e3o. Contudo, essa transmiss\u00e3o se d\u00e1 como um todo unit\u00e1rio at\u00e9 o momento da efetiva\u00e7\u00e3o da partilha, que, para os bens im\u00f3veis, se perfectibiliza com o registro do formal de partilha no Cart\u00f3rio de Registro de Im\u00f3veis. Enquanto n\u00e3o registrado o formal de partilha, o esp\u00f3lio deve ser considerado contribuinte do IPTU. Aspecto espacial da obriga\u00e7\u00e3o tribut\u00e1ria. Conflito de compet\u00eancia entre a Uni\u00e3o (ITR) e o Munic\u00edpio (IPTU). Incide o IPTU sobre o im\u00f3vel localizado em \u00e1rea definida como urbana pelo Decreto Municipal 7.928\/98, cabendo ao interessado a prova de que tal bem \u00e9 utilizado em explora\u00e7\u00e3o extrativa vegetal, agr\u00edcola, pecu\u00e1ria ou agroindustrial, de modo a atrair a incid\u00eancia ITR. Crit\u00e9rios de localiza\u00e7\u00e3o e destina\u00e7\u00e3o estabelecidos pelo CTN e pelo Decreto-Lei n\u00ba 57\/66, conforme determina o art. 146, I, da CF. \u00c9 irrelevante o disposto na Lei n\u00ba 12.51\/12 sobre a natureza do im\u00f3vel em que localizada a reserva legal, pois n\u00e3o cabe \u00e0 lei ordin\u00e1ria federal dirimir conflitos de compet\u00eancia em mat\u00e9ria tribut\u00e1ria. Art. 1.784, CC. Art. 1.791, CC. Art. 167, I, \u201c25\u201d, Lei n\u00ba 6.015\/73. Arts. 29, 32 e 121, CTN. Art. 15, Decreto-Lei n\u00ba 57\/66. Art. 146, I, CF. RECURSO VOLUNT\u00c1RIO CONHECIDO E DESPROVIDO. RECURSO DE OF\u00cdCIO CONHECIDO E PROVIDO.&#8221;<\/strong><\/li>\n\n\n\n<li>Inteiro teor: <a href=\"https:\/\/www.fazenda.niteroi.rj.gov.br\/site\/wp-content\/uploads\/2025\/01\/PA-01788.23-ACORDAO-3437.24.pdf\">Ac\u00f3rd\u00e3o 3437\/2024<\/a><\/li>\n<\/ul>\n","protected":false},"excerpt":{"rendered":"<p>\u201cEmenta: IPTU. RECURSOS VOLUNT\u00c1RIO E DE OF\u00cdCIO. OBRIGA\u00c7\u00c3O PRINCIPAL. LAN\u00c7AMENTO ANUAL. A transmiss\u00e3o da propriedade causa mortis ocorre no momento da abertura da sucess\u00e3o. Contudo, essa transmiss\u00e3o se d\u00e1 como um todo unit\u00e1rio at\u00e9 o momento da efetiva\u00e7\u00e3o da partilha, que, para os bens im\u00f3veis, se perfectibiliza com o registro do formal de partilha no Cart\u00f3rio de Registro de Im\u00f3veis. Enquanto n\u00e3o registrado o formal de partilha, o esp\u00f3lio deve ser considerado contribuinte do IPTU. Aspecto espacial da obriga\u00e7\u00e3o tribut\u00e1ria. Conflito de compet\u00eancia entre a Uni\u00e3o (ITR) e o Munic\u00edpio (IPTU). Incide o IPTU sobre o im\u00f3vel localizado em \u00e1rea definida como urbana pelo Decreto Municipal 7.928\/98, cabendo ao interessado a prova de que tal bem \u00e9 utilizado em explora\u00e7\u00e3o extrativa vegetal, agr\u00edcola, pecu\u00e1ria ou agroindustrial, de modo a atrair a incid\u00eancia ITR. Crit\u00e9rios de localiza\u00e7\u00e3o e destina\u00e7\u00e3o estabelecidos pelo CTN e pelo Decreto-Lei n\u00ba 57\/66, conforme determina o art. 146, I, da CF. \u00c9 irrelevante o disposto na Lei n\u00ba 12.51\/12 sobre a natureza do im\u00f3vel em que localizada a reserva legal, pois n\u00e3o cabe \u00e0 lei ordin\u00e1ria federal dirimir conflitos de compet\u00eancia em mat\u00e9ria tribut\u00e1ria. Art. 1.784, CC. Art. 1.791, CC. Art. 167, I, \u201c25\u201d, Lei n\u00ba 6.015\/73. Arts. 29, 32 e 121, CTN. Art. 15, Decreto-Lei n\u00ba 57\/66. Art. 146, I, CF. RECURSO VOLUNT\u00c1RIO CONHECIDO E DESPROVIDO. RECURSO DE OF\u00cdCIO CONHECIDO E PROVIDO.&#8221;<\/p>\n","protected":false},"author":4,"featured_media":0,"comment_status":"closed","ping_status":"closed","sticky":false,"template":"","format":"standard","meta":{"_et_pb_use_builder":"","_et_pb_old_content":"","_et_gb_content_width":"","_usar_header_alternativo":false,"footnotes":""},"categories":[131,126],"tags":[],"class_list":["post-31182","post","type-post","status-publish","format-standard","hentry","category-acordaos","category-ccn","et-doesnt-have-format-content","et_post_format-et-post-format-standard"],"_links":{"self":[{"href":"https:\/\/www.fazenda.niteroi.rj.gov.br\/site\/wp-json\/wp\/v2\/posts\/31182","targetHints":{"allow":["GET"]}}],"collection":[{"href":"https:\/\/www.fazenda.niteroi.rj.gov.br\/site\/wp-json\/wp\/v2\/posts"}],"about":[{"href":"https:\/\/www.fazenda.niteroi.rj.gov.br\/site\/wp-json\/wp\/v2\/types\/post"}],"author":[{"embeddable":true,"href":"https:\/\/www.fazenda.niteroi.rj.gov.br\/site\/wp-json\/wp\/v2\/users\/4"}],"replies":[{"embeddable":true,"href":"https:\/\/www.fazenda.niteroi.rj.gov.br\/site\/wp-json\/wp\/v2\/comments?post=31182"}],"version-history":[{"count":1,"href":"https:\/\/www.fazenda.niteroi.rj.gov.br\/site\/wp-json\/wp\/v2\/posts\/31182\/revisions"}],"predecessor-version":[{"id":31184,"href":"https:\/\/www.fazenda.niteroi.rj.gov.br\/site\/wp-json\/wp\/v2\/posts\/31182\/revisions\/31184"}],"wp:attachment":[{"href":"https:\/\/www.fazenda.niteroi.rj.gov.br\/site\/wp-json\/wp\/v2\/media?parent=31182"}],"wp:term":[{"taxonomy":"category","embeddable":true,"href":"https:\/\/www.fazenda.niteroi.rj.gov.br\/site\/wp-json\/wp\/v2\/categories?post=31182"},{"taxonomy":"post_tag","embeddable":true,"href":"https:\/\/www.fazenda.niteroi.rj.gov.br\/site\/wp-json\/wp\/v2\/tags?post=31182"}],"curies":[{"name":"wp","href":"https:\/\/api.w.org\/{rel}","templated":true}]}}