{"id":31230,"date":"2025-01-30T14:59:23","date_gmt":"2025-01-30T17:59:23","guid":{"rendered":"https:\/\/www.fazenda.niteroi.rj.gov.br\/site\/?p=31230"},"modified":"2025-01-30T15:02:45","modified_gmt":"2025-01-30T18:02:45","slug":"acordao-no-3452-2024","status":"publish","type":"post","link":"https:\/\/www.fazenda.niteroi.rj.gov.br\/site\/acordao-no-3452-2024\/","title":{"rendered":"Ac\u00f3rd\u00e3o n\u00ba 3452\/2024"},"content":{"rendered":"\n<ul class=\"wp-block-list\">\n<li>1557\u00aa Sess\u00e3o Ordin\u00e1ria, de 13\/11\/2024<\/li>\n\n\n\n<li>Processo: 030\/017715\/2018<\/li>\n\n\n\n<li>Recorrente: S\u00f4nia Maria Simas Boclin Borges<\/li>\n\n\n\n<li><strong>\u201cEmenta: IPTU. Recurso de of\u00edcio. Obriga\u00e7\u00e3o principal. Lan\u00e7amento complementar. O cr\u00e9dito tribut\u00e1rio deve ser constitu\u00eddo, por meio do lan\u00e7amento, em face daquele que ostenta a condi\u00e7\u00e3o de contribuinte ao tempo da ocorr\u00eancia do fato gerador. O erro na identifica\u00e7\u00e3o do sujeito passivo gera nulidade insan\u00e1vel no lan\u00e7amento. Precedentes do TJ\/RJ. No caso, os lan\u00e7amentos foram promovidos em face de pessoa diversa da atual propriet\u00e1ria e j\u00e1 falecida ao tempo dos fatores geradores, raz\u00e3o pela qual se reconhece a nulidade dos referidos atos administrativos. Art. 142, CTN. Art. 144, CTN. S\u00famula n\u00ba 392, STJ. RECURSO DE OF\u00cdCIO CONHECIDO E DESPROVIDO\u201d.<\/strong><\/li>\n<\/ul>\n\n\n\n<p>Inteiro teor: <a href=\"https:\/\/www.fazenda.niteroi.rj.gov.br\/site\/wp-content\/uploads\/2025\/01\/PA-017715.18-ACORDAO-3452.24.pdf\">Ac\u00f3rd\u00e3o 3452\/2024<\/a><\/p>\n","protected":false},"excerpt":{"rendered":"<p>Ementa: IPTU. Recurso de of\u00edcio. Obriga\u00e7\u00e3o principal. Lan\u00e7amento complementar. O cr\u00e9dito tribut\u00e1rio deve ser constitu\u00eddo, por meio do lan\u00e7amento, em face daquele que ostenta a condi\u00e7\u00e3o de contribuinte ao tempo da ocorr\u00eancia do fato gerador. O erro na identifica\u00e7\u00e3o do sujeito passivo gera nulidade insan\u00e1vel no lan\u00e7amento. Precedentes do TJ\/RJ. No caso, os lan\u00e7amentos foram promovidos em face de pessoa diversa da atual propriet\u00e1ria e j\u00e1 falecida ao tempo dos fatores geradores, raz\u00e3o pela qual se reconhece a nulidade dos referidos atos administrativos. Art. 142, CTN. Art. 144, CTN. S\u00famula n\u00ba 392, STJ. RECURSO DE OF\u00cdCIO CONHECIDO E DESPROVIDO\u201d.<\/p>\n","protected":false},"author":4,"featured_media":0,"comment_status":"closed","ping_status":"closed","sticky":false,"template":"","format":"standard","meta":{"_et_pb_use_builder":"","_et_pb_old_content":"","_et_gb_content_width":"","_usar_header_alternativo":false,"footnotes":""},"categories":[131,126],"tags":[],"class_list":["post-31230","post","type-post","status-publish","format-standard","hentry","category-acordaos","category-ccn","et-doesnt-have-format-content","et_post_format-et-post-format-standard"],"_links":{"self":[{"href":"https:\/\/www.fazenda.niteroi.rj.gov.br\/site\/wp-json\/wp\/v2\/posts\/31230","targetHints":{"allow":["GET"]}}],"collection":[{"href":"https:\/\/www.fazenda.niteroi.rj.gov.br\/site\/wp-json\/wp\/v2\/posts"}],"about":[{"href":"https:\/\/www.fazenda.niteroi.rj.gov.br\/site\/wp-json\/wp\/v2\/types\/post"}],"author":[{"embeddable":true,"href":"https:\/\/www.fazenda.niteroi.rj.gov.br\/site\/wp-json\/wp\/v2\/users\/4"}],"replies":[{"embeddable":true,"href":"https:\/\/www.fazenda.niteroi.rj.gov.br\/site\/wp-json\/wp\/v2\/comments?post=31230"}],"version-history":[{"count":2,"href":"https:\/\/www.fazenda.niteroi.rj.gov.br\/site\/wp-json\/wp\/v2\/posts\/31230\/revisions"}],"predecessor-version":[{"id":31234,"href":"https:\/\/www.fazenda.niteroi.rj.gov.br\/site\/wp-json\/wp\/v2\/posts\/31230\/revisions\/31234"}],"wp:attachment":[{"href":"https:\/\/www.fazenda.niteroi.rj.gov.br\/site\/wp-json\/wp\/v2\/media?parent=31230"}],"wp:term":[{"taxonomy":"category","embeddable":true,"href":"https:\/\/www.fazenda.niteroi.rj.gov.br\/site\/wp-json\/wp\/v2\/categories?post=31230"},{"taxonomy":"post_tag","embeddable":true,"href":"https:\/\/www.fazenda.niteroi.rj.gov.br\/site\/wp-json\/wp\/v2\/tags?post=31230"}],"curies":[{"name":"wp","href":"https:\/\/api.w.org\/{rel}","templated":true}]}}