{"id":31280,"date":"2025-01-31T14:21:02","date_gmt":"2025-01-31T17:21:02","guid":{"rendered":"https:\/\/www.fazenda.niteroi.rj.gov.br\/site\/?p=31280"},"modified":"2025-02-06T16:45:48","modified_gmt":"2025-02-06T19:45:48","slug":"prefeitura-municipal-de-niteroi-conselho-de-contribuintes-do-municipio-de-niteroi-cc-9","status":"publish","type":"post","link":"https:\/\/www.fazenda.niteroi.rj.gov.br\/site\/prefeitura-municipal-de-niteroi-conselho-de-contribuintes-do-municipio-de-niteroi-cc-9\/","title":{"rendered":"PREFEITURA MUNICIPAL DE NITER\u00d3I CONSELHO DE CONTRIBUINTES DO MUNIC\u00cdPIO DE NITER\u00d3I \u2013 CC"},"content":{"rendered":"\n<p>REUNI\u00c3O PARA JULGAMENTO DE RECURSOS, A SER REALIZADA NO DIA 05 DE FEVEREIRO DE 2025, COM IN\u00cdCIO \u00c0S 10H, EM SESS\u00c3O PRESENCIAL ABERTA AO P\u00daBLICO. OS INTERESSADOS PODER\u00c3O ENTRAR EM CONTATO COM conselhodecontribuintes@fazenda.niteroi.rj.gov.br.<\/p>\n\n\n\n<p>Pauta de Julgamentos<br>(Art. 15, \u00a7 3\u00ba, da Lei n\u00ba 2.228\/2005 e Art. 76 do Decreto n\u00ba 9.735\/2005 e Art. 4\u00ba da Resolu\u00e7\u00e3o n\u00ba 01\/2020 do Conselho de Contribuintes do Munic\u00edpio de Niter\u00f3i)<\/p>\n\n\n\n<p>1.571\u00aa Sess\u00e3o Ordin\u00e1ria:<\/p>\n\n\n\n<p>PROCESSO: 9900002323\/2024<br>RECURSO VOLUNT\u00c1RIO<br>RECORRENTE: ANA PAULA FERREIRA LARA DE ASSIS<br>RECORRIDO: FAZENDA P\u00daBLICA MUNICIPAL<br>REP. DA FAZENDA: ANDR\u00c9 LU\u00cdS CARDOSO PIRES<br>RELATOR: PAULINO GON\u00c7ALVES MOREIRA LEITE FILHO<br>REVISOR: EDUARDO SOBRAL TAVARES<\/p>\n\n\n\n<p>_______________________________________________________________________________________________________<\/p>\n\n\n\n<p>PROCESSO: 9900062504\/2024<br>RECURSO VOLUNT\u00c1RIO<br>RECORRENTE: JOS\u00c9 CARLOS STUMPF<br>RECORRIDO: FAZENDA P\u00daBLICA MUNICIPAL<br>REP. DA FAZENDA: RAFAEL HENZE PIMENTEL<br>RELATOR: LUIZ FELIPE CARREIRA MARQUES<\/p>\n\n\n\n<p>_______________________________________________________________________________________________________<\/p>\n\n\n\n<p>PROCESSO: 030\/018235\/2021<br>RECURSO DE OF\u00cdCIO<br>RECORRENTE: FAZENDA P\u00daBLICA MUNICIPAL<br>RECORRIDO: FABR\u00cdCIO PEREIRA FERREIRA<br>REP. DA FAZENDA: RAFAEL HENZE PIMENTEL<br>RELATOR: RODRIGO FULGONI BRANCO<\/p>\n\n\n\n<p>________________________________________________________________________________________________________<\/p>\n\n\n\n<p>CC em 31 de janeiro de 2025<\/p>\n","protected":false},"excerpt":{"rendered":"<p>REUNI\u00c3O PARA JULGAMENTO DE RECURSOS, A SER REALIZADA NO DIA 05 DE FEVEREIRO DE 2025, COM IN\u00cdCIO \u00c0S 10H, EM SESS\u00c3O PRESENCIAL ABERTA AO P\u00daBLICO. OS INTERESSADOS PODER\u00c3O ENTRAR EM [&hellip;]<\/p>\n","protected":false},"author":42,"featured_media":0,"comment_status":"closed","ping_status":"closed","sticky":false,"template":"","format":"standard","meta":{"_et_pb_use_builder":"","_et_pb_old_content":"","_et_gb_content_width":"","_usar_header_alternativo":false,"footnotes":""},"categories":[126,132],"tags":[],"class_list":["post-31280","post","type-post","status-publish","format-standard","hentry","category-ccn","category-pautas","et-doesnt-have-format-content","et_post_format-et-post-format-standard"],"_links":{"self":[{"href":"https:\/\/www.fazenda.niteroi.rj.gov.br\/site\/wp-json\/wp\/v2\/posts\/31280","targetHints":{"allow":["GET"]}}],"collection":[{"href":"https:\/\/www.fazenda.niteroi.rj.gov.br\/site\/wp-json\/wp\/v2\/posts"}],"about":[{"href":"https:\/\/www.fazenda.niteroi.rj.gov.br\/site\/wp-json\/wp\/v2\/types\/post"}],"author":[{"embeddable":true,"href":"https:\/\/www.fazenda.niteroi.rj.gov.br\/site\/wp-json\/wp\/v2\/users\/42"}],"replies":[{"embeddable":true,"href":"https:\/\/www.fazenda.niteroi.rj.gov.br\/site\/wp-json\/wp\/v2\/comments?post=31280"}],"version-history":[{"count":2,"href":"https:\/\/www.fazenda.niteroi.rj.gov.br\/site\/wp-json\/wp\/v2\/posts\/31280\/revisions"}],"predecessor-version":[{"id":31329,"href":"https:\/\/www.fazenda.niteroi.rj.gov.br\/site\/wp-json\/wp\/v2\/posts\/31280\/revisions\/31329"}],"wp:attachment":[{"href":"https:\/\/www.fazenda.niteroi.rj.gov.br\/site\/wp-json\/wp\/v2\/media?parent=31280"}],"wp:term":[{"taxonomy":"category","embeddable":true,"href":"https:\/\/www.fazenda.niteroi.rj.gov.br\/site\/wp-json\/wp\/v2\/categories?post=31280"},{"taxonomy":"post_tag","embeddable":true,"href":"https:\/\/www.fazenda.niteroi.rj.gov.br\/site\/wp-json\/wp\/v2\/tags?post=31280"}],"curies":[{"name":"wp","href":"https:\/\/api.w.org\/{rel}","templated":true}]}}