{"id":31317,"date":"2025-02-05T11:54:58","date_gmt":"2025-02-05T14:54:58","guid":{"rendered":"https:\/\/www.fazenda.niteroi.rj.gov.br\/site\/?p=31317"},"modified":"2025-02-05T11:55:28","modified_gmt":"2025-02-05T14:55:28","slug":"agenda-05-02-2025-quarta-feira","status":"publish","type":"post","link":"https:\/\/www.fazenda.niteroi.rj.gov.br\/site\/agenda-05-02-2025-quarta-feira\/","title":{"rendered":"Agenda 05.02.2025 Quarta-feira"},"content":{"rendered":"\n<p>10h<br>Reuni\u00e3o com Sr. Carlos Krikhtine &#8211; Secret\u00e1rio de Urbanismo, Sr. Juan Rodrigues &#8211; Subs de Receitas, Sr. Vin\u00edcius Fundo &#8211; Auditor Fiscal<br>Pauta: Cadastro e Tributa\u00e7\u00e3o de Obras<br>Local: SMF<\/p>\n\n\n\n<p>11h<br>Reuni\u00e3o com o Sr. Juan Rodrigues &#8211; Subs de Receitas, Sr. Vin\u00edcius Fundo &#8211; Auditor Fiscal<br>Pauta: Reestrutura\u00e7\u00e3o SUREM<br>Local: SMF<\/p>\n\n\n\n<p>14h<br>Reuni\u00e3o com Sra. Elizabeth Poubel &#8211; Coordenadora do CAPI e Dra. Ana Clara SJUR &#8211; Procuradora<br>Pauta: Abel<br>Local: SMF<\/p>\n\n\n\n<p>17h<br>Despacho Inteno<\/p>\n","protected":false},"excerpt":{"rendered":"<p>10hReuni\u00e3o com Sr. Carlos Krikhtine &#8211; Secret\u00e1rio de Urbanismo, Sr. Juan Rodrigues &#8211; Subs de Receitas, Sr. Vin\u00edcius Fundo &#8211; Auditor FiscalPauta: Cadastro e Tributa\u00e7\u00e3o de ObrasLocal: SMF 11hReuni\u00e3o com [&hellip;]<\/p>\n","protected":false},"author":41,"featured_media":0,"comment_status":"closed","ping_status":"closed","sticky":false,"template":"","format":"standard","meta":{"_et_pb_use_builder":"","_et_pb_old_content":"","_et_gb_content_width":"","_usar_header_alternativo":false,"footnotes":""},"categories":[394],"tags":[397,452],"class_list":["post-31317","post","type-post","status-publish","format-standard","hentry","category-agenda","tag-agenda-da-secretaria","tag-transparencia","et-doesnt-have-format-content","et_post_format-et-post-format-standard"],"_links":{"self":[{"href":"https:\/\/www.fazenda.niteroi.rj.gov.br\/site\/wp-json\/wp\/v2\/posts\/31317","targetHints":{"allow":["GET"]}}],"collection":[{"href":"https:\/\/www.fazenda.niteroi.rj.gov.br\/site\/wp-json\/wp\/v2\/posts"}],"about":[{"href":"https:\/\/www.fazenda.niteroi.rj.gov.br\/site\/wp-json\/wp\/v2\/types\/post"}],"author":[{"embeddable":true,"href":"https:\/\/www.fazenda.niteroi.rj.gov.br\/site\/wp-json\/wp\/v2\/users\/41"}],"replies":[{"embeddable":true,"href":"https:\/\/www.fazenda.niteroi.rj.gov.br\/site\/wp-json\/wp\/v2\/comments?post=31317"}],"version-history":[{"count":1,"href":"https:\/\/www.fazenda.niteroi.rj.gov.br\/site\/wp-json\/wp\/v2\/posts\/31317\/revisions"}],"predecessor-version":[{"id":31318,"href":"https:\/\/www.fazenda.niteroi.rj.gov.br\/site\/wp-json\/wp\/v2\/posts\/31317\/revisions\/31318"}],"wp:attachment":[{"href":"https:\/\/www.fazenda.niteroi.rj.gov.br\/site\/wp-json\/wp\/v2\/media?parent=31317"}],"wp:term":[{"taxonomy":"category","embeddable":true,"href":"https:\/\/www.fazenda.niteroi.rj.gov.br\/site\/wp-json\/wp\/v2\/categories?post=31317"},{"taxonomy":"post_tag","embeddable":true,"href":"https:\/\/www.fazenda.niteroi.rj.gov.br\/site\/wp-json\/wp\/v2\/tags?post=31317"}],"curies":[{"name":"wp","href":"https:\/\/api.w.org\/{rel}","templated":true}]}}