{"id":31548,"date":"2025-04-07T11:07:49","date_gmt":"2025-04-07T14:07:49","guid":{"rendered":"https:\/\/www.fazenda.niteroi.rj.gov.br\/site\/?p=31548"},"modified":"2025-04-07T11:08:33","modified_gmt":"2025-04-07T14:08:33","slug":"audiencia-publica-prestacao-de-contas-3","status":"publish","type":"post","link":"https:\/\/www.fazenda.niteroi.rj.gov.br\/site\/audiencia-publica-prestacao-de-contas-3\/","title":{"rendered":"Audi\u00eancia P\u00fablica &#8211; Presta\u00e7\u00e3o de Contas"},"content":{"rendered":"\n<p>No dia 26 de fevereiro de 2025, foi realizada a Audi\u00eancia P\u00fablica para presta\u00e7\u00e3o de contas, em cumprimento da Lei de Responsabilidade Fiscal (LRF). Foram apresentadas, na C\u00e2mara de Vereadores de Niter\u00f3i, os resultados do RGF &#8211; 3\u00baQuad\/RREO &#8211; 6\u00ba bimestre de 2024.<\/p>\n\n\n\n<figure class=\"wp-block-image size-medium\"><a href=\"https:\/\/www.fazenda.niteroi.rj.gov.br\/site\/wp-content\/uploads\/2025\/04\/SaveClip.App_486938786_1050796833748315_5512673559184462421_n.jpg\"><img loading=\"lazy\" decoding=\"async\" width=\"240\" height=\"300\" src=\"https:\/\/www.fazenda.niteroi.rj.gov.br\/site\/wp-content\/uploads\/2025\/04\/SaveClip.App_486938786_1050796833748315_5512673559184462421_n-240x300.jpg\" alt=\"\" class=\"wp-image-31549\" srcset=\"https:\/\/www.fazenda.niteroi.rj.gov.br\/site\/wp-content\/uploads\/2025\/04\/SaveClip.App_486938786_1050796833748315_5512673559184462421_n-240x300.jpg 240w, https:\/\/www.fazenda.niteroi.rj.gov.br\/site\/wp-content\/uploads\/2025\/04\/SaveClip.App_486938786_1050796833748315_5512673559184462421_n-480x600.jpg 480w, https:\/\/www.fazenda.niteroi.rj.gov.br\/site\/wp-content\/uploads\/2025\/04\/SaveClip.App_486938786_1050796833748315_5512673559184462421_n-768x960.jpg 768w, https:\/\/www.fazenda.niteroi.rj.gov.br\/site\/wp-content\/uploads\/2025\/04\/SaveClip.App_486938786_1050796833748315_5512673559184462421_n.jpg 1080w\" sizes=\"auto, (max-width: 240px) 100vw, 240px\" \/><\/a><\/figure>\n\n\n\n<p>A audi\u00eancia foi dirigida pelo vereador Anderson Pipico, presidente da Comiss\u00e3o de Fiscaliza\u00e7\u00e3o Financeira, Controle e Or\u00e7amento. A presta\u00e7\u00e3o de contas foi apresentada pela Subsecret\u00e1ria de Contabilidade, Fernanda Rodrigues, em audi\u00eancia com participa\u00e7\u00e3o da equipe da Subsecretaria de Contabilidade da Fazenda e de representantes da sociedade civil.<\/p>\n\n\n\n<p>Niter\u00f3i vem apresentando bons resultados, indicando conformidade com as obrigatoriedades legais. A LRF determina que no m\u00ednimo 15% da receita l\u00edquida anual seja destinada \u00e0 sa\u00fade e 25% para educa\u00e7\u00e3o. O munic\u00edpio encerra o 6\u00ba Bimestre de 2024 em 16,76% e 27,32%, respectivamente.<\/p>\n\n\n\n<p>Os relat\u00f3rios fiscais t\u00eam como objetivos a avalia\u00e7\u00e3o e controle do comportamento da receita, evolu\u00e7\u00e3o da despesa, controle de gastos com pessoal, d\u00edvida consolidada, opera\u00e7\u00f5es de cr\u00e9dito, aplica\u00e7\u00e3o em sa\u00fade e educa\u00e7\u00e3o.<\/p>\n\n\n\n<p>Conforme estabelecido pela LRF, os munic\u00edpios t\u00eam que manter o seu endividamento em um montante equivalente a, no m\u00e1ximo, 120% de sua receita anual. Em Niter\u00f3i, esse percentual finalizou o 3\u00ba Quadrimestre de 2024 em \u201372,54% da Receita Corrente L\u00edquida, o que significa que os Haveres Financeiros, incluindo o Caixa, s\u00e3o maiores que as d\u00edvidas.<\/p>\n\n\n\n<p>No ano de 2024, as Receitas Arrecadadas foram superiores \u00e0s Despesas Empenhadas, resultando em um super\u00e1vit or\u00e7ament\u00e1rio de R$ 462.844.567,14. Um sinal positivo da sa\u00fade financeira do munic\u00edpio.<\/p>\n\n\n\n<p>A divulga\u00e7\u00e3o de informa\u00e7\u00f5es p\u00fablicas de forma transparente \u00e9 um direito democr\u00e1tico dos cidad\u00e3os para que possam acompanhar o seu governo e exercer o controle social.<\/p>\n\n\n\n<p>A Audi\u00eancia P\u00fablica foi transmitida ao vivo pela p\u00e1gina do Facebook da C\u00e2mara Municipal de Niter\u00f3i (https:\/\/www.facebook.com\/camaraniteroi).<\/p>\n\n\n\n<p>Todos os Relat\u00f3rios Fiscais est\u00e3o dispon\u00edveis \u00e0 popula\u00e7\u00e3o no portal da transpar\u00eancia do munic\u00edpio de Niter\u00f3i:<\/p>\n\n\n\n<p>\ud83d\udd17 transparencia.niteroi.rj.gov.br<\/p>\n","protected":false},"excerpt":{"rendered":"<p>No dia 26 de fevereiro de 2025, foi realizada a Audi\u00eancia P\u00fablica para presta\u00e7\u00e3o de contas, em cumprimento da Lei de Responsabilidade Fiscal (LRF). Foram apresentadas, na C\u00e2mara de Vereadores [&hellip;]<\/p>\n","protected":false},"author":41,"featured_media":0,"comment_status":"closed","ping_status":"closed","sticky":false,"template":"","format":"standard","meta":{"_et_pb_use_builder":"","_et_pb_old_content":"","_et_gb_content_width":"","_usar_header_alternativo":false,"footnotes":""},"categories":[10],"tags":[],"class_list":["post-31548","post","type-post","status-publish","format-standard","hentry","category-noticias","et-doesnt-have-format-content","et_post_format-et-post-format-standard"],"_links":{"self":[{"href":"https:\/\/www.fazenda.niteroi.rj.gov.br\/site\/wp-json\/wp\/v2\/posts\/31548","targetHints":{"allow":["GET"]}}],"collection":[{"href":"https:\/\/www.fazenda.niteroi.rj.gov.br\/site\/wp-json\/wp\/v2\/posts"}],"about":[{"href":"https:\/\/www.fazenda.niteroi.rj.gov.br\/site\/wp-json\/wp\/v2\/types\/post"}],"author":[{"embeddable":true,"href":"https:\/\/www.fazenda.niteroi.rj.gov.br\/site\/wp-json\/wp\/v2\/users\/41"}],"replies":[{"embeddable":true,"href":"https:\/\/www.fazenda.niteroi.rj.gov.br\/site\/wp-json\/wp\/v2\/comments?post=31548"}],"version-history":[{"count":1,"href":"https:\/\/www.fazenda.niteroi.rj.gov.br\/site\/wp-json\/wp\/v2\/posts\/31548\/revisions"}],"predecessor-version":[{"id":31550,"href":"https:\/\/www.fazenda.niteroi.rj.gov.br\/site\/wp-json\/wp\/v2\/posts\/31548\/revisions\/31550"}],"wp:attachment":[{"href":"https:\/\/www.fazenda.niteroi.rj.gov.br\/site\/wp-json\/wp\/v2\/media?parent=31548"}],"wp:term":[{"taxonomy":"category","embeddable":true,"href":"https:\/\/www.fazenda.niteroi.rj.gov.br\/site\/wp-json\/wp\/v2\/categories?post=31548"},{"taxonomy":"post_tag","embeddable":true,"href":"https:\/\/www.fazenda.niteroi.rj.gov.br\/site\/wp-json\/wp\/v2\/tags?post=31548"}],"curies":[{"name":"wp","href":"https:\/\/api.w.org\/{rel}","templated":true}]}}