{"id":31551,"date":"2025-04-07T11:14:43","date_gmt":"2025-04-07T14:14:43","guid":{"rendered":"https:\/\/www.fazenda.niteroi.rj.gov.br\/site\/?p=31551"},"modified":"2025-04-07T11:15:25","modified_gmt":"2025-04-07T14:15:25","slug":"3o-encontro-de-gestores-de-2025","status":"publish","type":"post","link":"https:\/\/www.fazenda.niteroi.rj.gov.br\/site\/3o-encontro-de-gestores-de-2025\/","title":{"rendered":"3\u00ba Encontro de Gestores de 2025"},"content":{"rendered":"\n<p>No dia 11 de mar\u00e7o, o Secret\u00e1rio de Fazenda, C\u00e9sar Augusto Barbiero, participou do 3\u00ba Encontro de Gestores de 2025, ao lado do prefeito Rodrigo Neves e demais lideran\u00e7as municipais, para monitorar os avan\u00e7os do Plano de 100 Dias, que est\u00e1 em sua na reta final.<\/p>\n\n\n\n<p>\ud83d\udcca Durante o evento, os gestores analisaram o andamento das entregas previstas e as estrat\u00e9gias para aprimorar a execu\u00e7\u00e3o das metas. A Secretaria de Fazenda j\u00e1 concluiu sua primeira meta, que consiste em &#8220;Promover o Programa Bom Pagador&#8221;, e avan\u00e7a na segunda, com 50% da meta &#8220;Aumentar a Premia\u00e7\u00e3o do Programa NitNota Cidad\u00e3&#8221; conclu\u00edda.<\/p>\n\n\n\n<p>O Encontro de Gestores refor\u00e7a a integra\u00e7\u00e3o entre as secretarias e fortalece uma administra\u00e7\u00e3o p\u00fablica mais eficiente e transparente. Com planejamento e coopera\u00e7\u00e3o, seguimos avan\u00e7ando para construir uma Niter\u00f3i cada vez melhor!<\/p>\n\n\n\n<figure class=\"wp-block-image size-medium\"><a href=\"https:\/\/www.fazenda.niteroi.rj.gov.br\/site\/wp-content\/uploads\/2025\/04\/SaveClip.App_483544518_1038614834966515_1274135568166403658_n-1.jpg\"><img loading=\"lazy\" decoding=\"async\" width=\"400\" height=\"267\" src=\"https:\/\/www.fazenda.niteroi.rj.gov.br\/site\/wp-content\/uploads\/2025\/04\/SaveClip.App_483544518_1038614834966515_1274135568166403658_n-1-400x267.jpg\" alt=\"\" class=\"wp-image-31552\" srcset=\"https:\/\/www.fazenda.niteroi.rj.gov.br\/site\/wp-content\/uploads\/2025\/04\/SaveClip.App_483544518_1038614834966515_1274135568166403658_n-1-400x267.jpg 400w, https:\/\/www.fazenda.niteroi.rj.gov.br\/site\/wp-content\/uploads\/2025\/04\/SaveClip.App_483544518_1038614834966515_1274135568166403658_n-1-600x400.jpg 600w, https:\/\/www.fazenda.niteroi.rj.gov.br\/site\/wp-content\/uploads\/2025\/04\/SaveClip.App_483544518_1038614834966515_1274135568166403658_n-1-768x512.jpg 768w, https:\/\/www.fazenda.niteroi.rj.gov.br\/site\/wp-content\/uploads\/2025\/04\/SaveClip.App_483544518_1038614834966515_1274135568166403658_n-1.jpg 1080w\" sizes=\"auto, (max-width: 400px) 100vw, 400px\" \/><\/a><\/figure>\n","protected":false},"excerpt":{"rendered":"<p>No dia 11 de mar\u00e7o, o Secret\u00e1rio de Fazenda, C\u00e9sar Augusto Barbiero, participou do 3\u00ba Encontro de Gestores de 2025, ao lado do prefeito Rodrigo Neves e demais lideran\u00e7as municipais, [&hellip;]<\/p>\n","protected":false},"author":41,"featured_media":0,"comment_status":"closed","ping_status":"closed","sticky":false,"template":"","format":"standard","meta":{"_et_pb_use_builder":"","_et_pb_old_content":"","_et_gb_content_width":"","_usar_header_alternativo":false,"footnotes":""},"categories":[10],"tags":[],"class_list":["post-31551","post","type-post","status-publish","format-standard","hentry","category-noticias","et-doesnt-have-format-content","et_post_format-et-post-format-standard"],"_links":{"self":[{"href":"https:\/\/www.fazenda.niteroi.rj.gov.br\/site\/wp-json\/wp\/v2\/posts\/31551","targetHints":{"allow":["GET"]}}],"collection":[{"href":"https:\/\/www.fazenda.niteroi.rj.gov.br\/site\/wp-json\/wp\/v2\/posts"}],"about":[{"href":"https:\/\/www.fazenda.niteroi.rj.gov.br\/site\/wp-json\/wp\/v2\/types\/post"}],"author":[{"embeddable":true,"href":"https:\/\/www.fazenda.niteroi.rj.gov.br\/site\/wp-json\/wp\/v2\/users\/41"}],"replies":[{"embeddable":true,"href":"https:\/\/www.fazenda.niteroi.rj.gov.br\/site\/wp-json\/wp\/v2\/comments?post=31551"}],"version-history":[{"count":1,"href":"https:\/\/www.fazenda.niteroi.rj.gov.br\/site\/wp-json\/wp\/v2\/posts\/31551\/revisions"}],"predecessor-version":[{"id":31553,"href":"https:\/\/www.fazenda.niteroi.rj.gov.br\/site\/wp-json\/wp\/v2\/posts\/31551\/revisions\/31553"}],"wp:attachment":[{"href":"https:\/\/www.fazenda.niteroi.rj.gov.br\/site\/wp-json\/wp\/v2\/media?parent=31551"}],"wp:term":[{"taxonomy":"category","embeddable":true,"href":"https:\/\/www.fazenda.niteroi.rj.gov.br\/site\/wp-json\/wp\/v2\/categories?post=31551"},{"taxonomy":"post_tag","embeddable":true,"href":"https:\/\/www.fazenda.niteroi.rj.gov.br\/site\/wp-json\/wp\/v2\/tags?post=31551"}],"curies":[{"name":"wp","href":"https:\/\/api.w.org\/{rel}","templated":true}]}}