{"id":31568,"date":"2025-04-07T11:40:00","date_gmt":"2025-04-07T14:40:00","guid":{"rendered":"https:\/\/www.fazenda.niteroi.rj.gov.br\/site\/?p=31568"},"modified":"2025-04-07T11:40:41","modified_gmt":"2025-04-07T14:40:41","slug":"audiencia-publica-3","status":"publish","type":"post","link":"https:\/\/www.fazenda.niteroi.rj.gov.br\/site\/audiencia-publica-3\/","title":{"rendered":"Audi\u00eancia P\u00fablica"},"content":{"rendered":"\n<p>No dia 27 de mar\u00e7o, a Secretaria de Fazenda de Niter\u00f3i, representada pelos Subsecret\u00e1rios de Receita, Vinicius Fundo, e de Finan\u00e7as, Salom\u00e3o Neto, participou de uma Audi\u00eancia P\u00fablica na C\u00e2mara Municipal dos Vereadores de Niter\u00f3i. A sess\u00e3o, conduzida pelo vereador Anderson Pipico, presidente da Comiss\u00e3o de Fiscaliza\u00e7\u00e3o Financeira, Controle e Or\u00e7amento, teve como foco o debate sobre o Programa Bom Pagador e a utiliza\u00e7\u00e3o dos recursos do Fundo de Equaliza\u00e7\u00e3o da Receita (FER).\u200b<\/p>\n\n\n\n<p>O Programa Bom Pagador, institu\u00eddo pela Lei n\u00ba 3.820\/2023, ofereceu em 2025 um desconto de 3% no valor do IPTU aos contribuintes que mant\u00eam um hist\u00f3rico de adimpl\u00eancia com o munic\u00edpio. A proposta discutida na audi\u00eancia visa aumentar esse desconto para 6% nos anos de 2026 e 2027, com o objetivo de incentivar ainda mais a pontualidade nos pagamentos.\u200b<\/p>\n\n\n\n<p>Al\u00e9m disso, foi debatida uma proposta de altera\u00e7\u00e3o na Lei Org\u00e2nica do Munic\u00edpio para permitir que recursos do FER sejam destinados ao Fundo de Desenvolvimento Imobili\u00e1rio do Centro de Niter\u00f3i. Essa mudan\u00e7a tem como objetivo possibilitar investimentos estrat\u00e9gicos em Niter\u00f3i, direcionando recursos para projetos estruturantes que ampliem a capacidade de gera\u00e7\u00e3o de receita pr\u00f3pria, que fomentem o desenvolvimento econ\u00f4mico local e contribuam para a sustentabilidade fiscal das pr\u00f3ximas gera\u00e7\u00f5es.<\/p>\n\n\n\n<figure class=\"wp-block-image size-medium\"><a href=\"https:\/\/www.fazenda.niteroi.rj.gov.br\/site\/wp-content\/uploads\/2025\/04\/SaveClip.App_487484009_1050948883733110_5905248972640353774_n.jpg\"><img loading=\"lazy\" decoding=\"async\" width=\"345\" height=\"300\" src=\"https:\/\/www.fazenda.niteroi.rj.gov.br\/site\/wp-content\/uploads\/2025\/04\/SaveClip.App_487484009_1050948883733110_5905248972640353774_n-345x300.jpg\" alt=\"\" class=\"wp-image-31569\" srcset=\"https:\/\/www.fazenda.niteroi.rj.gov.br\/site\/wp-content\/uploads\/2025\/04\/SaveClip.App_487484009_1050948883733110_5905248972640353774_n-345x300.jpg 345w, https:\/\/www.fazenda.niteroi.rj.gov.br\/site\/wp-content\/uploads\/2025\/04\/SaveClip.App_487484009_1050948883733110_5905248972640353774_n-600x521.jpg 600w, https:\/\/www.fazenda.niteroi.rj.gov.br\/site\/wp-content\/uploads\/2025\/04\/SaveClip.App_487484009_1050948883733110_5905248972640353774_n-768x667.jpg 768w, https:\/\/www.fazenda.niteroi.rj.gov.br\/site\/wp-content\/uploads\/2025\/04\/SaveClip.App_487484009_1050948883733110_5905248972640353774_n.jpg 1080w\" sizes=\"auto, (max-width: 345px) 100vw, 345px\" \/><\/a><\/figure>\n","protected":false},"excerpt":{"rendered":"<p>No dia 27 de mar\u00e7o, a Secretaria de Fazenda de Niter\u00f3i, representada pelos Subsecret\u00e1rios de Receita, Vinicius Fundo, e de Finan\u00e7as, Salom\u00e3o Neto, participou de uma Audi\u00eancia P\u00fablica na C\u00e2mara [&hellip;]<\/p>\n","protected":false},"author":41,"featured_media":0,"comment_status":"closed","ping_status":"closed","sticky":false,"template":"","format":"standard","meta":{"_et_pb_use_builder":"","_et_pb_old_content":"","_et_gb_content_width":"","_usar_header_alternativo":false,"footnotes":""},"categories":[10],"tags":[],"class_list":["post-31568","post","type-post","status-publish","format-standard","hentry","category-noticias","et-doesnt-have-format-content","et_post_format-et-post-format-standard"],"_links":{"self":[{"href":"https:\/\/www.fazenda.niteroi.rj.gov.br\/site\/wp-json\/wp\/v2\/posts\/31568","targetHints":{"allow":["GET"]}}],"collection":[{"href":"https:\/\/www.fazenda.niteroi.rj.gov.br\/site\/wp-json\/wp\/v2\/posts"}],"about":[{"href":"https:\/\/www.fazenda.niteroi.rj.gov.br\/site\/wp-json\/wp\/v2\/types\/post"}],"author":[{"embeddable":true,"href":"https:\/\/www.fazenda.niteroi.rj.gov.br\/site\/wp-json\/wp\/v2\/users\/41"}],"replies":[{"embeddable":true,"href":"https:\/\/www.fazenda.niteroi.rj.gov.br\/site\/wp-json\/wp\/v2\/comments?post=31568"}],"version-history":[{"count":2,"href":"https:\/\/www.fazenda.niteroi.rj.gov.br\/site\/wp-json\/wp\/v2\/posts\/31568\/revisions"}],"predecessor-version":[{"id":31571,"href":"https:\/\/www.fazenda.niteroi.rj.gov.br\/site\/wp-json\/wp\/v2\/posts\/31568\/revisions\/31571"}],"wp:attachment":[{"href":"https:\/\/www.fazenda.niteroi.rj.gov.br\/site\/wp-json\/wp\/v2\/media?parent=31568"}],"wp:term":[{"taxonomy":"category","embeddable":true,"href":"https:\/\/www.fazenda.niteroi.rj.gov.br\/site\/wp-json\/wp\/v2\/categories?post=31568"},{"taxonomy":"post_tag","embeddable":true,"href":"https:\/\/www.fazenda.niteroi.rj.gov.br\/site\/wp-json\/wp\/v2\/tags?post=31568"}],"curies":[{"name":"wp","href":"https:\/\/api.w.org\/{rel}","templated":true}]}}