{"id":31706,"date":"2025-05-05T11:20:06","date_gmt":"2025-05-05T14:20:06","guid":{"rendered":"https:\/\/www.fazenda.niteroi.rj.gov.br\/site\/?p=31706"},"modified":"2025-05-05T11:20:40","modified_gmt":"2025-05-05T14:20:40","slug":"prefeitura-municipal-de-niteroi-conselho-de-contribuintes-do-municipio-de-niteroi-cc-26","status":"publish","type":"post","link":"https:\/\/www.fazenda.niteroi.rj.gov.br\/site\/prefeitura-municipal-de-niteroi-conselho-de-contribuintes-do-municipio-de-niteroi-cc-26\/","title":{"rendered":"PREFEITURA MUNICIPAL DE NITER\u00d3I       CONSELHO DE CONTRIBUINTES DO MUNIC\u00cdPIO DE NITER\u00d3I \u2013 CC"},"content":{"rendered":"\n<p>REUNI\u00c3O ADMINISTRATIVA A SER REALIZADA NO DIA 07 DE MAIO DE 2025, COM IN\u00cdCIO LOGO AP\u00d3S O T\u00c9RMINO DA SESS\u00c3O ORDIN\u00c1RIA N\u00ba 1580, EM SESS\u00c3O PRESENCIAL.<\/p>\n\n\n\n<p><br>50\u00aa Sess\u00e3o Administrativa:<\/p>\n\n\n\n<p><br>PEDIDO DE ESCLARECIMENTO<\/p>\n\n\n\n<p><br>PROCESSO: 030\/006849\/2023<br>RECORRENTE: DEPYLARTE ESPECIALIZADA EM DEPILA\u00c7\u00c3O LTDA.<br>RELATOR: FELIPE VALLE DE ALBUQUERQUE MAGALH\u00c3ES<\/p>\n\n\n\n<p><br>CC em 05 de maio de 2025<\/p>\n","protected":false},"excerpt":{"rendered":"<p>REUNI\u00c3O ADMINISTRATIVA A SER REALIZADA NO DIA 07 DE MAIO DE 2025, COM IN\u00cdCIO LOGO AP\u00d3S O T\u00c9RMINO DA SESS\u00c3O ORDIN\u00c1RIA N\u00ba 1580, EM SESS\u00c3O PRESENCIAL. 50\u00aa Sess\u00e3o Administrativa: PEDIDO [&hellip;]<\/p>\n","protected":false},"author":42,"featured_media":0,"comment_status":"closed","ping_status":"closed","sticky":false,"template":"","format":"standard","meta":{"_et_pb_use_builder":"","_et_pb_old_content":"","_et_gb_content_width":"","_usar_header_alternativo":false,"footnotes":""},"categories":[126,132],"tags":[],"class_list":["post-31706","post","type-post","status-publish","format-standard","hentry","category-ccn","category-pautas","et-doesnt-have-format-content","et_post_format-et-post-format-standard"],"_links":{"self":[{"href":"https:\/\/www.fazenda.niteroi.rj.gov.br\/site\/wp-json\/wp\/v2\/posts\/31706","targetHints":{"allow":["GET"]}}],"collection":[{"href":"https:\/\/www.fazenda.niteroi.rj.gov.br\/site\/wp-json\/wp\/v2\/posts"}],"about":[{"href":"https:\/\/www.fazenda.niteroi.rj.gov.br\/site\/wp-json\/wp\/v2\/types\/post"}],"author":[{"embeddable":true,"href":"https:\/\/www.fazenda.niteroi.rj.gov.br\/site\/wp-json\/wp\/v2\/users\/42"}],"replies":[{"embeddable":true,"href":"https:\/\/www.fazenda.niteroi.rj.gov.br\/site\/wp-json\/wp\/v2\/comments?post=31706"}],"version-history":[{"count":1,"href":"https:\/\/www.fazenda.niteroi.rj.gov.br\/site\/wp-json\/wp\/v2\/posts\/31706\/revisions"}],"predecessor-version":[{"id":31707,"href":"https:\/\/www.fazenda.niteroi.rj.gov.br\/site\/wp-json\/wp\/v2\/posts\/31706\/revisions\/31707"}],"wp:attachment":[{"href":"https:\/\/www.fazenda.niteroi.rj.gov.br\/site\/wp-json\/wp\/v2\/media?parent=31706"}],"wp:term":[{"taxonomy":"category","embeddable":true,"href":"https:\/\/www.fazenda.niteroi.rj.gov.br\/site\/wp-json\/wp\/v2\/categories?post=31706"},{"taxonomy":"post_tag","embeddable":true,"href":"https:\/\/www.fazenda.niteroi.rj.gov.br\/site\/wp-json\/wp\/v2\/tags?post=31706"}],"curies":[{"name":"wp","href":"https:\/\/api.w.org\/{rel}","templated":true}]}}