{"id":31708,"date":"2025-05-05T11:22:28","date_gmt":"2025-05-05T14:22:28","guid":{"rendered":"https:\/\/www.fazenda.niteroi.rj.gov.br\/site\/?p=31708"},"modified":"2025-05-05T11:23:00","modified_gmt":"2025-05-05T14:23:00","slug":"prefeitura-municipal-de-niteroi-conselho-de-contribuintes-do-municipio-de-niteroi-cc-27","status":"publish","type":"post","link":"https:\/\/www.fazenda.niteroi.rj.gov.br\/site\/prefeitura-municipal-de-niteroi-conselho-de-contribuintes-do-municipio-de-niteroi-cc-27\/","title":{"rendered":"PREFEITURA MUNICIPAL DE NITER\u00d3I       CONSELHO DE CONTRIBUINTES DO MUNIC\u00cdPIO DE NITER\u00d3I \u2013 CC"},"content":{"rendered":"\n<p>REUNI\u00c3O ADMINISTRATIVA A SER REALIZADA NO DIA 07 DE MAIO DE 2025, COM IN\u00cdCIO LOGO AP\u00d3S O T\u00c9RMINO DA 50\u00aa SESS\u00c3O ADMINISTRATIVA, EM SESS\u00c3O PRESENCIAL.<\/p>\n\n\n\n<p><br>PAUTA ADMINISTRATIVA<\/p>\n\n\n\n<p><br>51\u00aa Sess\u00e3o Administrativa<\/p>\n\n\n\n<p><br>PROCESSO: 9900110956\/2024<br>Continua\u00e7\u00e3o da apresenta\u00e7\u00e3o, aprecia\u00e7\u00e3o e aprova\u00e7\u00e3o dos destaques ao texto inicial.<\/p>\n\n\n\n<p><br>CC em 05 de maio de 2025<\/p>\n","protected":false},"excerpt":{"rendered":"<p>REUNI\u00c3O ADMINISTRATIVA A SER REALIZADA NO DIA 07 DE MAIO DE 2025, COM IN\u00cdCIO LOGO AP\u00d3S O T\u00c9RMINO DA 50\u00aa SESS\u00c3O ADMINISTRATIVA, EM SESS\u00c3O PRESENCIAL. PAUTA ADMINISTRATIVA 51\u00aa Sess\u00e3o Administrativa [&hellip;]<\/p>\n","protected":false},"author":42,"featured_media":0,"comment_status":"closed","ping_status":"closed","sticky":false,"template":"","format":"standard","meta":{"_et_pb_use_builder":"","_et_pb_old_content":"","_et_gb_content_width":"","_usar_header_alternativo":false,"footnotes":""},"categories":[126,132],"tags":[],"class_list":["post-31708","post","type-post","status-publish","format-standard","hentry","category-ccn","category-pautas","et-doesnt-have-format-content","et_post_format-et-post-format-standard"],"_links":{"self":[{"href":"https:\/\/www.fazenda.niteroi.rj.gov.br\/site\/wp-json\/wp\/v2\/posts\/31708","targetHints":{"allow":["GET"]}}],"collection":[{"href":"https:\/\/www.fazenda.niteroi.rj.gov.br\/site\/wp-json\/wp\/v2\/posts"}],"about":[{"href":"https:\/\/www.fazenda.niteroi.rj.gov.br\/site\/wp-json\/wp\/v2\/types\/post"}],"author":[{"embeddable":true,"href":"https:\/\/www.fazenda.niteroi.rj.gov.br\/site\/wp-json\/wp\/v2\/users\/42"}],"replies":[{"embeddable":true,"href":"https:\/\/www.fazenda.niteroi.rj.gov.br\/site\/wp-json\/wp\/v2\/comments?post=31708"}],"version-history":[{"count":1,"href":"https:\/\/www.fazenda.niteroi.rj.gov.br\/site\/wp-json\/wp\/v2\/posts\/31708\/revisions"}],"predecessor-version":[{"id":31709,"href":"https:\/\/www.fazenda.niteroi.rj.gov.br\/site\/wp-json\/wp\/v2\/posts\/31708\/revisions\/31709"}],"wp:attachment":[{"href":"https:\/\/www.fazenda.niteroi.rj.gov.br\/site\/wp-json\/wp\/v2\/media?parent=31708"}],"wp:term":[{"taxonomy":"category","embeddable":true,"href":"https:\/\/www.fazenda.niteroi.rj.gov.br\/site\/wp-json\/wp\/v2\/categories?post=31708"},{"taxonomy":"post_tag","embeddable":true,"href":"https:\/\/www.fazenda.niteroi.rj.gov.br\/site\/wp-json\/wp\/v2\/tags?post=31708"}],"curies":[{"name":"wp","href":"https:\/\/api.w.org\/{rel}","templated":true}]}}