{"id":31728,"date":"2025-05-08T16:37:46","date_gmt":"2025-05-08T19:37:46","guid":{"rendered":"https:\/\/www.fazenda.niteroi.rj.gov.br\/site\/?p=31728"},"modified":"2025-05-08T16:38:15","modified_gmt":"2025-05-08T19:38:15","slug":"ata-de-apuracao-da-eleicao-para-presidente-do-conselho-de-contribuintes","status":"publish","type":"post","link":"https:\/\/www.fazenda.niteroi.rj.gov.br\/site\/ata-de-apuracao-da-eleicao-para-presidente-do-conselho-de-contribuintes\/","title":{"rendered":"ATA DE APURA\u00c7\u00c3O DA ELEI\u00c7\u00c3O PARA PRESIDENTE DO CONSELHO DE CONTRIBUINTES"},"content":{"rendered":"\n<p>No dia 08\/05\/2025, \u00e0s 9h, foi dado in\u00edcio \u00e0 vota\u00e7\u00e3o para Presidente do Conselho de Contribuintes do Munic\u00edpio de Niter\u00f3i, com a verifica\u00e7\u00e3o de integridade da urna, \u00e0s 9h20, diante da presen\u00e7a dos Auditores Fiscais Alessandra Silveira, Reginaldo Barreiros e Guilherme Bittencourt, dos Secret\u00e1rios do Conselho Diego de Mendon\u00e7a e Isabel Gebara e do Presidente da Elei\u00e7\u00e3o Carlos Mauro Naylor. A urna foi trancada e a chave foi entregue ao Auditor Fiscal Reginaldo Barreiros.<\/p>\n\n\n\n<p>\u00c0s 16h, hor\u00e1rio limite para a vota\u00e7\u00e3o, foram contabilizadas 37 assinaturas na lista de presen\u00e7a, 37 c\u00e9dulas de vota\u00e7\u00e3o e 37 votos v\u00e1lidos, discriminados a seguir:<\/p>\n\n\n\n<p>Luiz Alberto Soares \u2013 19 votos \u2013 <strong>Presidente Eleito<\/strong><\/p>\n\n\n\n<p>Luiz Felipe Carreira Marques \u2013 14 votos<\/p>\n\n\n\n<p>M\u00e1rcio Mateus de Macedo \u2013 04 votos<\/p>\n\n\n\n<p>Celio de Moraes Marques \u2013 0 voto<\/p>\n\n\n\n<p>F\u00e1bio Hottz Longo \u2013 0 voto<\/p>\n\n\n\n<p>Helton Figueira Santos \u2013 0 voto<\/p>\n\n\n\n<p>Rafael Henze Pimentel \u2013 0 voto<\/p>\n\n\n\n<p>Estiveram presentes na apura\u00e7\u00e3o o Presidente da Elei\u00e7\u00e3o Carlos Mauro Naylor, os Secret\u00e1rios do Conselho Diego de Mendon\u00e7a e Isabel Gebara, os Representantes da Fazenda Maria Elisa Vidal e Andr\u00e9 Pires, os Auditores Fiscais Luiz Felipe Marques, Reginaldo Barreiros, Juan Rodrigues, Alexandre Salim, Rodrigo Fulgoni e Alessandra Silveira.<\/p>\n","protected":false},"excerpt":{"rendered":"<p>No dia 08\/05\/2025, \u00e0s 9h, foi dado in\u00edcio \u00e0 vota\u00e7\u00e3o para Presidente do Conselho de Contribuintes do Munic\u00edpio de Niter\u00f3i, com a verifica\u00e7\u00e3o de integridade da urna, \u00e0s 9h20, diante [&hellip;]<\/p>\n","protected":false},"author":42,"featured_media":0,"comment_status":"closed","ping_status":"closed","sticky":false,"template":"","format":"standard","meta":{"_et_pb_use_builder":"","_et_pb_old_content":"","_et_gb_content_width":"","_usar_header_alternativo":false,"footnotes":""},"categories":[10],"tags":[],"class_list":["post-31728","post","type-post","status-publish","format-standard","hentry","category-noticias","et-doesnt-have-format-content","et_post_format-et-post-format-standard"],"_links":{"self":[{"href":"https:\/\/www.fazenda.niteroi.rj.gov.br\/site\/wp-json\/wp\/v2\/posts\/31728","targetHints":{"allow":["GET"]}}],"collection":[{"href":"https:\/\/www.fazenda.niteroi.rj.gov.br\/site\/wp-json\/wp\/v2\/posts"}],"about":[{"href":"https:\/\/www.fazenda.niteroi.rj.gov.br\/site\/wp-json\/wp\/v2\/types\/post"}],"author":[{"embeddable":true,"href":"https:\/\/www.fazenda.niteroi.rj.gov.br\/site\/wp-json\/wp\/v2\/users\/42"}],"replies":[{"embeddable":true,"href":"https:\/\/www.fazenda.niteroi.rj.gov.br\/site\/wp-json\/wp\/v2\/comments?post=31728"}],"version-history":[{"count":1,"href":"https:\/\/www.fazenda.niteroi.rj.gov.br\/site\/wp-json\/wp\/v2\/posts\/31728\/revisions"}],"predecessor-version":[{"id":31729,"href":"https:\/\/www.fazenda.niteroi.rj.gov.br\/site\/wp-json\/wp\/v2\/posts\/31728\/revisions\/31729"}],"wp:attachment":[{"href":"https:\/\/www.fazenda.niteroi.rj.gov.br\/site\/wp-json\/wp\/v2\/media?parent=31728"}],"wp:term":[{"taxonomy":"category","embeddable":true,"href":"https:\/\/www.fazenda.niteroi.rj.gov.br\/site\/wp-json\/wp\/v2\/categories?post=31728"},{"taxonomy":"post_tag","embeddable":true,"href":"https:\/\/www.fazenda.niteroi.rj.gov.br\/site\/wp-json\/wp\/v2\/tags?post=31728"}],"curies":[{"name":"wp","href":"https:\/\/api.w.org\/{rel}","templated":true}]}}