{"id":31731,"date":"2025-05-08T17:12:46","date_gmt":"2025-05-08T20:12:46","guid":{"rendered":"https:\/\/www.fazenda.niteroi.rj.gov.br\/site\/?p=31731"},"modified":"2025-05-08T17:13:19","modified_gmt":"2025-05-08T20:13:19","slug":"escolha-dos-representantes-da-fazenda-para-o-bienio-2025-2027","status":"publish","type":"post","link":"https:\/\/www.fazenda.niteroi.rj.gov.br\/site\/escolha-dos-representantes-da-fazenda-para-o-bienio-2025-2027\/","title":{"rendered":"ESCOLHA DOS REPRESENTANTES DA FAZENDA PARA O BI\u00caNIO 2025\/2027"},"content":{"rendered":"\n<p>O Presidente eleito para o Conselho de Contribuintes, Luiz Alberto Soares, indicou os tr\u00eas Representantes da Fazenda para o bi\u00eanio 2025-2027. S\u00e3o eles: Maria Elisa Vidal Bernardo, Andr\u00e9 Lu\u00eds Cardoso Pires e Rafael Henze Pimentel.<\/p>\n","protected":false},"excerpt":{"rendered":"<p>O Presidente eleito para o Conselho de Contribuintes, Luiz Alberto Soares, indicou os tr\u00eas Representantes da Fazenda para o bi\u00eanio 2025-2027. S\u00e3o eles: Maria Elisa Vidal Bernardo, Andr\u00e9 Lu\u00eds Cardoso [&hellip;]<\/p>\n","protected":false},"author":42,"featured_media":0,"comment_status":"closed","ping_status":"closed","sticky":false,"template":"","format":"standard","meta":{"_et_pb_use_builder":"","_et_pb_old_content":"","_et_gb_content_width":"","_usar_header_alternativo":false,"footnotes":""},"categories":[126,132],"tags":[],"class_list":["post-31731","post","type-post","status-publish","format-standard","hentry","category-ccn","category-pautas","et-doesnt-have-format-content","et_post_format-et-post-format-standard"],"_links":{"self":[{"href":"https:\/\/www.fazenda.niteroi.rj.gov.br\/site\/wp-json\/wp\/v2\/posts\/31731","targetHints":{"allow":["GET"]}}],"collection":[{"href":"https:\/\/www.fazenda.niteroi.rj.gov.br\/site\/wp-json\/wp\/v2\/posts"}],"about":[{"href":"https:\/\/www.fazenda.niteroi.rj.gov.br\/site\/wp-json\/wp\/v2\/types\/post"}],"author":[{"embeddable":true,"href":"https:\/\/www.fazenda.niteroi.rj.gov.br\/site\/wp-json\/wp\/v2\/users\/42"}],"replies":[{"embeddable":true,"href":"https:\/\/www.fazenda.niteroi.rj.gov.br\/site\/wp-json\/wp\/v2\/comments?post=31731"}],"version-history":[{"count":1,"href":"https:\/\/www.fazenda.niteroi.rj.gov.br\/site\/wp-json\/wp\/v2\/posts\/31731\/revisions"}],"predecessor-version":[{"id":31732,"href":"https:\/\/www.fazenda.niteroi.rj.gov.br\/site\/wp-json\/wp\/v2\/posts\/31731\/revisions\/31732"}],"wp:attachment":[{"href":"https:\/\/www.fazenda.niteroi.rj.gov.br\/site\/wp-json\/wp\/v2\/media?parent=31731"}],"wp:term":[{"taxonomy":"category","embeddable":true,"href":"https:\/\/www.fazenda.niteroi.rj.gov.br\/site\/wp-json\/wp\/v2\/categories?post=31731"},{"taxonomy":"post_tag","embeddable":true,"href":"https:\/\/www.fazenda.niteroi.rj.gov.br\/site\/wp-json\/wp\/v2\/tags?post=31731"}],"curies":[{"name":"wp","href":"https:\/\/api.w.org\/{rel}","templated":true}]}}