{"id":318,"date":"2016-04-06T15:43:39","date_gmt":"2016-04-06T18:43:39","guid":{"rendered":"http:\/\/localhost:8080\/smf\/?p=318"},"modified":"2016-07-18T14:41:07","modified_gmt":"2016-07-18T17:41:07","slug":"aprovados-em-concurso-da-fazenda-tomam-posse","status":"publish","type":"post","link":"https:\/\/www.fazenda.niteroi.rj.gov.br\/site\/aprovados-em-concurso-da-fazenda-tomam-posse\/","title":{"rendered":"Aprovados em concurso da Fazenda tomam posse"},"content":{"rendered":"<p>[et_pb_section admin_label=&#8221;section&#8221;][et_pb_row admin_label=&#8221;row&#8221;][et_pb_column type=&#8221;4_4&#8243;][et_pb_text admin_label=&#8221;Texto&#8221; background_layout=&#8221;light&#8221; text_orientation=&#8221;left&#8221; use_border_color=&#8221;off&#8221; border_color=&#8221;#ffffff&#8221; border_style=&#8221;solid&#8221;]<\/p>\n<h2>Cerim\u00f4nia foi realizada no Teatro Municipal da cidade. Sal\u00e1rios v\u00e3o de R$ 2,1 mil a R$ 21,1 mil<\/h2>\n<p>Os 44 candidatos aprovados no concurso da Secretaria Municipal de Fazenda de Niter\u00f3i tomaram posse na manh\u00e3 desta quarta-feira, 6 de abril, numa solenidade no Teatro Municipal e que contou com a presen\u00e7a do prefeito e diversas autoridades.<\/p>\n<p>Na cerim\u00f4nia, o prefeito enalteceu o n\u00edvel do concurso e elogiou os novos profissionais:<\/p>\n<p><em>&#8220;Voc\u00eas est\u00e3o aqui por m\u00e9rito e dedica\u00e7\u00e3o de cada um de voc\u00eas e n\u00f3s os acolhemos com muito entusiasmo, pois voc\u00eas s\u00e3o os escolhidos&#8221;<\/em>, falou o prefeito.<\/p>\n<p>J\u00e1 o secret\u00e1rio de Fazenda, Cesar Augusto Barbiero, ressaltou a moderniza\u00e7\u00e3o da pasta, o que propiciar\u00e1 mais efici\u00eancia e um melhor servi\u00e7o \u00e0 popula\u00e7\u00e3o.<\/p>\n<p><em>&#8220;A vinda desses profissionais vai coroar a mudan\u00e7a na Fazenda. Transformamos fisicamente, reformamos o pr\u00e9dio, trocamos computadores, refizemos a telefonia. Esse esfor\u00e7o torna a Fazenda mais profissional, \u00e1gil e moderna. Devemos muito \u00e0 Funda\u00e7\u00e3o Get\u00falio Vargas (FGV) pela parceria na realiza\u00e7\u00e3o do concurso. Nossos novos colegas v\u00e3o transformar n\u00e3o s\u00f3 a Fazenda mas tamb\u00e9m a cidade de Niter\u00f3i&#8221;<\/em>, disse o secret\u00e1rio de Fazenda.<\/p>\n<p>Primeiro colocado no concurso, Thiago Pereira Rodrigues Cerqueira e Castro representou o grupo e, em seu discurso, agradeceu \u00e0 fam\u00edlia e cumprimentou o prefeito:<\/p>\n<p><em>&#8220;N\u00e3o podemos nos envaidecer, mas sim nos sentirmos orgulhosos. E principalmente agradecer a quem sempre esteve ao nosso lado na rotina de estudos. Aproveito ainda para parabenizar o prefeito pela conquista do Pr\u00eamio Prefeito Empreendedor do Sebrae&#8221;<\/em>.<\/p>\n<p>O concurso da Fazenda de Niter\u00f3i teve um total de 58 mil inscritos que fizeram as provas objetivas em dezembro de 2015. O resultado do certame foi divulgado em fevereiro deste ano. As vagas dispon\u00edveis foram para os cargos de fiscal de tributos, com sal\u00e1rio inicial de R$ 21.149 fiscal de posturas, R$ 8.699,99, contador, R$ 3.417 e agente fazend\u00e1rio, R$ 2.168.<\/p>\n<p>[\/et_pb_text][et_pb_gallery admin_label=&#8221;Galeria&#8221; gallery_ids=&#8221;902,903,904,905,906&#8243; fullwidth=&#8221;on&#8221; show_title_and_caption=&#8221;on&#8221; show_pagination=&#8221;on&#8221; background_layout=&#8221;light&#8221; auto=&#8221;on&#8221; auto_speed=&#8221;5000&#8243; hover_overlay_color=&#8221;rgba(255,255,255,0.9)&#8221; caption_all_caps=&#8221;off&#8221; use_border_color=&#8221;off&#8221; border_color=&#8221;#ffffff&#8221; border_style=&#8221;solid&#8221;] [\/et_pb_gallery][\/et_pb_column][\/et_pb_row][\/et_pb_section]<\/p>\n","protected":false},"excerpt":{"rendered":"<p>Cerim\u00f4nia foi realizada no Teatro Municipal da cidade. Sal\u00e1rios v\u00e3o de R$ 2,1 mil a R$ 21,1 mil.<\/p>\n","protected":false},"author":1,"featured_media":902,"comment_status":"closed","ping_status":"closed","sticky":false,"template":"","format":"standard","meta":{"_et_pb_use_builder":"on","_et_pb_old_content":"<h2>Cerim\u00f4nia foi realizada no Teatro Municipal da cidade. Sal\u00e1rios v\u00e3o de R$ 2,1 mil a R$ 21,1 mil<\/h2><p>Os 44 candidatos aprovados no concurso da Secretaria Municipal de Fazenda de Niter\u00f3i tomaram posse na manh\u00e3 desta quarta-feira, 6 de abril, numa solenidade no Teatro Municipal e que contou com a presen\u00e7a do prefeito e diversas autoridades.<\/p><p>Na cerim\u00f4nia, o prefeito enalteceu o n\u00edvel do concurso e elogiou os novos profissionais:<\/p><p><em>\"Voc\u00eas est\u00e3o aqui por m\u00e9rito e dedica\u00e7\u00e3o de cada um de voc\u00eas e n\u00f3s os acolhemos com muito entusiasmo, pois voc\u00eas s\u00e3o os escolhidos\"<\/em>, falou o prefeito.<\/p><p>J\u00e1 o secret\u00e1rio de Fazenda, Cesar Augusto Barbiero, ressaltou a moderniza\u00e7\u00e3o da pasta, o que propiciar\u00e1 mais efici\u00eancia e um melhor servi\u00e7o \u00e0 popula\u00e7\u00e3o.<\/p><p><em>\"A vinda desses profissionais vai coroar a mudan\u00e7a na Fazenda. Transformamos fisicamente, reformamos o pr\u00e9dio, trocamos computadores, refizemos a telefonia. Esse esfor\u00e7o torna a Fazenda mais profissional, \u00e1gil e moderna. Devemos muito \u00e0 Funda\u00e7\u00e3o Get\u00falio Vargas (FGV) pela parceria na realiza\u00e7\u00e3o do concurso. Nossos novos colegas v\u00e3o transformar n\u00e3o s\u00f3 a Fazenda mas tamb\u00e9m a cidade de Niter\u00f3i\"<\/em>, disse o secret\u00e1rio de Fazenda.<\/p><p>Primeiro colocado no concurso, Thiago Pereira Rodrigues Cerqueira e Castro representou o grupo e, em seu discurso, agradeceu \u00e0 fam\u00edlia e cumprimentou o prefeito:<\/p><p><em>\"N\u00e3o podemos nos envaidecer, mas sim nos sentirmos orgulhosos. E principalmente agradecer a quem sempre esteve ao nosso lado na rotina de estudos. Aproveito ainda para parabenizar o prefeito pela conquista do Pr\u00eamio Prefeito Empreendedor do Sebrae\"<\/em>.<\/p><p>O concurso da Fazenda de Niter\u00f3i teve um total de 58 mil inscritos que fizeram as provas objetivas em dezembro de 2015. O resultado do certame foi divulgado em fevereiro deste ano. As vagas dispon\u00edveis foram para os cargos de fiscal de tributos, com sal\u00e1rio inicial de R$ 21.149 fiscal de posturas, R$ 8.699,99, contador, R$ 3.417 e agente fazend\u00e1rio, R$ 2.168.<\/p><p>\u00a0<\/p>","_et_gb_content_width":"","_usar_header_alternativo":false,"footnotes":""},"categories":[10],"tags":[17],"class_list":["post-318","post","type-post","status-publish","format-standard","has-post-thumbnail","hentry","category-noticias","tag-concurso","et-has-post-format-content","et_post_format-et-post-format-standard"],"_links":{"self":[{"href":"https:\/\/www.fazenda.niteroi.rj.gov.br\/site\/wp-json\/wp\/v2\/posts\/318","targetHints":{"allow":["GET"]}}],"collection":[{"href":"https:\/\/www.fazenda.niteroi.rj.gov.br\/site\/wp-json\/wp\/v2\/posts"}],"about":[{"href":"https:\/\/www.fazenda.niteroi.rj.gov.br\/site\/wp-json\/wp\/v2\/types\/post"}],"author":[{"embeddable":true,"href":"https:\/\/www.fazenda.niteroi.rj.gov.br\/site\/wp-json\/wp\/v2\/users\/1"}],"replies":[{"embeddable":true,"href":"https:\/\/www.fazenda.niteroi.rj.gov.br\/site\/wp-json\/wp\/v2\/comments?post=318"}],"version-history":[{"count":0,"href":"https:\/\/www.fazenda.niteroi.rj.gov.br\/site\/wp-json\/wp\/v2\/posts\/318\/revisions"}],"wp:featuredmedia":[{"embeddable":true,"href":"https:\/\/www.fazenda.niteroi.rj.gov.br\/site\/wp-json\/wp\/v2\/media\/902"}],"wp:attachment":[{"href":"https:\/\/www.fazenda.niteroi.rj.gov.br\/site\/wp-json\/wp\/v2\/media?parent=318"}],"wp:term":[{"taxonomy":"category","embeddable":true,"href":"https:\/\/www.fazenda.niteroi.rj.gov.br\/site\/wp-json\/wp\/v2\/categories?post=318"},{"taxonomy":"post_tag","embeddable":true,"href":"https:\/\/www.fazenda.niteroi.rj.gov.br\/site\/wp-json\/wp\/v2\/tags?post=318"}],"curies":[{"name":"wp","href":"https:\/\/api.w.org\/{rel}","templated":true}]}}