{"id":31844,"date":"2025-05-26T11:15:04","date_gmt":"2025-05-26T14:15:04","guid":{"rendered":"https:\/\/www.fazenda.niteroi.rj.gov.br\/site\/?p=31844"},"modified":"2025-05-26T11:15:53","modified_gmt":"2025-05-26T14:15:53","slug":"prefeitura-municipal-de-niteroi-95","status":"publish","type":"post","link":"https:\/\/www.fazenda.niteroi.rj.gov.br\/site\/prefeitura-municipal-de-niteroi-95\/","title":{"rendered":"PREFEITURA MUNICIPAL DE NITER\u00d3I"},"content":{"rendered":"\n<p><strong><u>CONSELHO DE CONTRIBUINTES DO MUNIC\u00cdPIO DE NITER\u00d3I \u2013 CC<\/u><\/strong><\/p>\n\n\n\n<p><strong>REUNI\u00c3O PARA JULGAMENTO DE RECURSOS, A SER REALIZADA NO <u>DIA 28 DE MAIO &nbsp;DE 2025<\/u>, COM IN\u00cdCIO \u00c0S 10:00H, EM SESS\u00c3O VIRTUAL, ABERTA AO P\u00daBLICO. OS INTERESSADOS PODER\u00c3O ENTRAR EM CONTATO COM <\/strong><a href=\"mailto:conselhodecontribuintes@fazenda.niteroi.rj.gov.br\"><strong>conselhodecontribuintes@fazenda.niteroi.rj.gov.br<\/strong><\/a><strong>.<\/strong><\/p>\n\n\n\n<p><strong>Pauta de julgamentos<\/strong><\/p>\n\n\n\n<p><strong>(art. 15, par\u00e1grafo 3\u00ba da Lei n\u00ba 2228\/2005 e art. 76 do Decreto n\u00ba 9735\/2005 e art. 4\u00ba da Resolu\u00e7\u00e3o n\u00ba 01\/2020 do Conselho de Contribuintes do Munic\u00edpio de Niter\u00f3i)<\/strong><\/p>\n\n\n\n<p><strong><u>1.583\u00aa Sess\u00e3o Ordin\u00e1ria<\/u><\/strong><\/p>\n\n\n\n<p><strong>PROCESSO: 030\/001643\/2023<\/strong><\/p>\n\n\n\n<p><strong><u>RECURSO VOLUNT\u00c1RIO<\/u><\/strong><\/p>\n\n\n\n<p><strong>RECORRENTE: MI DIAGN\u00d3STICOS<\/strong><\/p>\n\n\n\n<p><strong>RECORRIDO: FAZENDA P\u00daBLICA MUNICIPAL<\/strong><\/p>\n\n\n\n<p><strong>REP. DA FAZENDA: MARIA ELISA VIDAL BERNARDO<\/strong><\/p>\n\n\n\n<p><strong>RELATOR: RODRIGO FULGONI BRANCO<\/strong><\/p>\n\n\n\n<p>R<strong>EVISOR: EDUARDO SOBRAL TAVARES<\/strong><\/p>\n\n\n\n<p><strong>_____________________________________________________________________________<\/strong><\/p>\n\n\n\n<p><strong>PROCESSO: 99000073784\/2024<\/strong><\/p>\n\n\n\n<p><strong><u>RECURSO VOLUNT\u00c1RIO<\/u><\/strong><\/p>\n\n\n\n<p><strong>RECORRENTE: COL\u00c9GIO PLUZ LTDA<\/strong><\/p>\n\n\n\n<p><strong>RECORRIDO: FAZENDA P\u00daBLICA MUNICIPAL<\/strong><\/p>\n\n\n\n<p><strong>REP. DA FAZENDA: MARIA ELISA VIDAL BERNARDO<\/strong><\/p>\n\n\n\n<p><strong>RELATOR: EDUARDO SOBRAL TAVARES<\/strong><\/p>\n\n\n\n<p><strong>_____________________________________________________________________________<\/strong><\/p>\n\n\n\n<p><strong>PROCESSO: 99000073790\/2024 \u00a0<\/strong><\/p>\n\n\n\n<p><strong><u>RECURSO VOLUNT\u00c1RIO<\/u><\/strong><\/p>\n\n\n\n<p><strong>RECORRENTE: COL\u00c9GIO PLUZ LTDA<\/strong><\/p>\n\n\n\n<p><strong>RECORRIDO: FAZENDA P\u00daBLICA MUNICIPAL<\/strong><\/p>\n\n\n\n<p>R<strong>EP. DA FAZENDA: MARIA ELISA VIDAL BERNARDO<\/strong><\/p>\n\n\n\n<p><strong>RELATOR:\u00a0 EDUARDO SOBRAL TAVARES<\/strong><\/p>\n\n\n\n<p><strong>_____________________________________________________________________________<\/strong><\/p>\n\n\n\n<p>CC em 16 de maio de 2025<\/p>\n","protected":false},"excerpt":{"rendered":"<p>CONSELHO DE CONTRIBUINTES DO MUNIC\u00cdPIO DE NITER\u00d3I \u2013 CC REUNI\u00c3O PARA JULGAMENTO DE RECURSOS, A SER REALIZADA NO DIA 28 DE MAIO &nbsp;DE 2025, COM IN\u00cdCIO \u00c0S 10:00H, EM SESS\u00c3O [&hellip;]<\/p>\n","protected":false},"author":4,"featured_media":0,"comment_status":"closed","ping_status":"closed","sticky":false,"template":"","format":"standard","meta":{"_et_pb_use_builder":"","_et_pb_old_content":"","_et_gb_content_width":"","_usar_header_alternativo":false,"footnotes":""},"categories":[126,132],"tags":[],"class_list":["post-31844","post","type-post","status-publish","format-standard","hentry","category-ccn","category-pautas","et-doesnt-have-format-content","et_post_format-et-post-format-standard"],"_links":{"self":[{"href":"https:\/\/www.fazenda.niteroi.rj.gov.br\/site\/wp-json\/wp\/v2\/posts\/31844","targetHints":{"allow":["GET"]}}],"collection":[{"href":"https:\/\/www.fazenda.niteroi.rj.gov.br\/site\/wp-json\/wp\/v2\/posts"}],"about":[{"href":"https:\/\/www.fazenda.niteroi.rj.gov.br\/site\/wp-json\/wp\/v2\/types\/post"}],"author":[{"embeddable":true,"href":"https:\/\/www.fazenda.niteroi.rj.gov.br\/site\/wp-json\/wp\/v2\/users\/4"}],"replies":[{"embeddable":true,"href":"https:\/\/www.fazenda.niteroi.rj.gov.br\/site\/wp-json\/wp\/v2\/comments?post=31844"}],"version-history":[{"count":1,"href":"https:\/\/www.fazenda.niteroi.rj.gov.br\/site\/wp-json\/wp\/v2\/posts\/31844\/revisions"}],"predecessor-version":[{"id":31845,"href":"https:\/\/www.fazenda.niteroi.rj.gov.br\/site\/wp-json\/wp\/v2\/posts\/31844\/revisions\/31845"}],"wp:attachment":[{"href":"https:\/\/www.fazenda.niteroi.rj.gov.br\/site\/wp-json\/wp\/v2\/media?parent=31844"}],"wp:term":[{"taxonomy":"category","embeddable":true,"href":"https:\/\/www.fazenda.niteroi.rj.gov.br\/site\/wp-json\/wp\/v2\/categories?post=31844"},{"taxonomy":"post_tag","embeddable":true,"href":"https:\/\/www.fazenda.niteroi.rj.gov.br\/site\/wp-json\/wp\/v2\/tags?post=31844"}],"curies":[{"name":"wp","href":"https:\/\/api.w.org\/{rel}","templated":true}]}}