{"id":31854,"date":"2025-05-29T14:49:02","date_gmt":"2025-05-29T17:49:02","guid":{"rendered":"https:\/\/www.fazenda.niteroi.rj.gov.br\/site\/?p=31854"},"modified":"2025-05-29T14:49:22","modified_gmt":"2025-05-29T17:49:22","slug":"audiencia-publica-prestacao-de-contas-4","status":"publish","type":"post","link":"https:\/\/www.fazenda.niteroi.rj.gov.br\/site\/audiencia-publica-prestacao-de-contas-4\/","title":{"rendered":"Audi\u00eancia P\u00fablica &#8211; Presta\u00e7\u00e3o de Contas"},"content":{"rendered":"\n<figure class=\"wp-block-image size-full is-resized\"><a href=\"https:\/\/www.fazenda.niteroi.rj.gov.br\/site\/wp-content\/uploads\/2025\/05\/IMG_20250529_115345-1-scaled.jpg\"><img loading=\"lazy\" decoding=\"async\" width=\"2560\" height=\"1441\" src=\"https:\/\/www.fazenda.niteroi.rj.gov.br\/site\/wp-content\/uploads\/2025\/05\/IMG_20250529_115345-1-scaled.jpg\" alt=\"\" class=\"wp-image-31857\" style=\"width:856px;height:auto\" srcset=\"https:\/\/www.fazenda.niteroi.rj.gov.br\/site\/wp-content\/uploads\/2025\/05\/IMG_20250529_115345-1-scaled.jpg 2560w, https:\/\/www.fazenda.niteroi.rj.gov.br\/site\/wp-content\/uploads\/2025\/05\/IMG_20250529_115345-1-400x225.jpg 400w, https:\/\/www.fazenda.niteroi.rj.gov.br\/site\/wp-content\/uploads\/2025\/05\/IMG_20250529_115345-1-600x338.jpg 600w, https:\/\/www.fazenda.niteroi.rj.gov.br\/site\/wp-content\/uploads\/2025\/05\/IMG_20250529_115345-1-768x432.jpg 768w, https:\/\/www.fazenda.niteroi.rj.gov.br\/site\/wp-content\/uploads\/2025\/05\/IMG_20250529_115345-1-1536x864.jpg 1536w, https:\/\/www.fazenda.niteroi.rj.gov.br\/site\/wp-content\/uploads\/2025\/05\/IMG_20250529_115345-1-2048x1153.jpg 2048w, https:\/\/www.fazenda.niteroi.rj.gov.br\/site\/wp-content\/uploads\/2025\/05\/IMG_20250529_115345-1-1080x608.jpg 1080w\" sizes=\"auto, (max-width: 2560px) 100vw, 2560px\" \/><\/a><\/figure>\n\n\n\n<p><\/p>\n\n\n\n<p>Nesta quinta-feira (29), foi realizada a Audi\u00eancia P\u00fablica para presta\u00e7\u00e3o de contas, em cumprimento da Lei de Responsabilidade Fiscal (LRF). Foram apresentadas, na C\u00e2mara de Vereadores de Niter\u00f3i, os resultados do RGF &#8211; 1\u00baQuad\/RREO &#8211; 2\u00ba bimestre de 2025.<\/p>\n\n\n\n<p>A audi\u00eancia foi dirigida pelo Vereador Daniel Marques, membro da Comiss\u00e3o Permanente de Fiscaliza\u00e7\u00e3o Financeira, Controle e Or\u00e7amento (CFFCO). A presta\u00e7\u00e3o de contas foi apresentada pelo Subsecret\u00e1rio de Contabilidade, Thiago de Azevedo, com participa\u00e7\u00e3o da equipe da Subsecretaria de Contabilidade da Fazenda, representantes da SEPLAG e da Sociedade Civil.<\/p>\n\n\n\n<p>Niter\u00f3i vem apresentando bons resultados, indicando conformidade com as obrigatoriedades legais. A LRF determina que no m\u00ednimo 15% da receita l\u00edquida anual seja destinada \u00e0 sa\u00fade e 25% para educa\u00e7\u00e3o. O munic\u00edpio encerra o 2\u00ba Bimestre de 2025 em 10,22% e 19,34%, respectivamente.<\/p>\n\n\n\n<p>Os relat\u00f3rios fiscais t\u00eam como objetivos a avalia\u00e7\u00e3o e controle do comportamento da receita, evolu\u00e7\u00e3o da despesa, controle de gastos com pessoal, d\u00edvida consolidada, opera\u00e7\u00f5es de cr\u00e9dito, aplica\u00e7\u00e3o em sa\u00fade e educa\u00e7\u00e3o.<\/p>\n\n\n\n<p>Conforme estabelecido pela LRF, os munic\u00edpios t\u00eam que manter o seu endividamento em um montante equivalente a, no m\u00e1ximo, 120% de sua receita anual. Em Niter\u00f3i, esse percentual finalizou o 1\u00ba Quadrimestre de 2025 em -81,10% da Receita Corrente L\u00edquida, o que significa que os Haveres Financeiros, incluindo o Caixa, s\u00e3o maiores que as d\u00edvidas.<\/p>\n\n\n\n<p>A divulga\u00e7\u00e3o de informa\u00e7\u00f5es p\u00fablicas de forma transparente \u00e9 um direito democr\u00e1tico dos cidad\u00e3os para que possam acompanhar o seu governo e exercer o controle social.<\/p>\n\n\n\n<p>A Audi\u00eancia P\u00fablica foi transmitida ao vivo pela p\u00e1gina do Facebook da C\u00e2mara Municipal de Niter\u00f3i (<a href=\"https:\/\/www.facebook.com\/camaraniteroi\">https:\/\/www.facebook.com\/camaraniteroi<\/a>).<\/p>\n\n\n\n<p>Todos os Relat\u00f3rios Fiscais est\u00e3o dispon\u00edveis \u00e0 popula\u00e7\u00e3o no portal da transpar\u00eancia do munic\u00edpio de Niter\u00f3i: <a href=\"http:\/\/transparencia.niteroi.rj.gov.br\">http:\/\/transparencia.niteroi.rj.gov.br<\/a><\/p>\n","protected":false},"excerpt":{"rendered":"<p>Nesta quinta-feira (29), foi realizada a Audi\u00eancia P\u00fablica para presta\u00e7\u00e3o de contas, em cumprimento da Lei de Responsabilidade Fiscal (LRF). Foram apresentadas, na C\u00e2mara de Vereadores de Niter\u00f3i, os resultados [&hellip;]<\/p>\n","protected":false},"author":48,"featured_media":0,"comment_status":"closed","ping_status":"closed","sticky":false,"template":"","format":"standard","meta":{"_et_pb_use_builder":"","_et_pb_old_content":"","_et_gb_content_width":"","_usar_header_alternativo":false,"footnotes":""},"categories":[10],"tags":[],"class_list":["post-31854","post","type-post","status-publish","format-standard","hentry","category-noticias","et-doesnt-have-format-content","et_post_format-et-post-format-standard"],"_links":{"self":[{"href":"https:\/\/www.fazenda.niteroi.rj.gov.br\/site\/wp-json\/wp\/v2\/posts\/31854","targetHints":{"allow":["GET"]}}],"collection":[{"href":"https:\/\/www.fazenda.niteroi.rj.gov.br\/site\/wp-json\/wp\/v2\/posts"}],"about":[{"href":"https:\/\/www.fazenda.niteroi.rj.gov.br\/site\/wp-json\/wp\/v2\/types\/post"}],"author":[{"embeddable":true,"href":"https:\/\/www.fazenda.niteroi.rj.gov.br\/site\/wp-json\/wp\/v2\/users\/48"}],"replies":[{"embeddable":true,"href":"https:\/\/www.fazenda.niteroi.rj.gov.br\/site\/wp-json\/wp\/v2\/comments?post=31854"}],"version-history":[{"count":1,"href":"https:\/\/www.fazenda.niteroi.rj.gov.br\/site\/wp-json\/wp\/v2\/posts\/31854\/revisions"}],"predecessor-version":[{"id":31858,"href":"https:\/\/www.fazenda.niteroi.rj.gov.br\/site\/wp-json\/wp\/v2\/posts\/31854\/revisions\/31858"}],"wp:attachment":[{"href":"https:\/\/www.fazenda.niteroi.rj.gov.br\/site\/wp-json\/wp\/v2\/media?parent=31854"}],"wp:term":[{"taxonomy":"category","embeddable":true,"href":"https:\/\/www.fazenda.niteroi.rj.gov.br\/site\/wp-json\/wp\/v2\/categories?post=31854"},{"taxonomy":"post_tag","embeddable":true,"href":"https:\/\/www.fazenda.niteroi.rj.gov.br\/site\/wp-json\/wp\/v2\/tags?post=31854"}],"curies":[{"name":"wp","href":"https:\/\/api.w.org\/{rel}","templated":true}]}}