{"id":31867,"date":"2025-05-30T16:03:57","date_gmt":"2025-05-30T19:03:57","guid":{"rendered":"https:\/\/www.fazenda.niteroi.rj.gov.br\/site\/?p=31867"},"modified":"2025-05-30T16:04:26","modified_gmt":"2025-05-30T19:04:26","slug":"agenda-26-05-2025-segunda-feira","status":"publish","type":"post","link":"https:\/\/www.fazenda.niteroi.rj.gov.br\/site\/agenda-26-05-2025-segunda-feira\/","title":{"rendered":"Agenda 26.05.2025 &#8211; Segunda-feira"},"content":{"rendered":"\n<p>8h30<br>Abertura da Prefeitura M\u00f3vel<br>Local: Horto do Fonseca<\/p>\n\n\n\n<p>10h<br>Reuni\u00e3o F\u00f3rum de Fundos Soberanos Brasileiros<\/p>\n\n\n\n<p>13h<br>Agenda externa<\/p>\n\n\n\n<p>16h<br>CPFGF (Prefeitura M\u00f3vel)<\/p>\n","protected":false},"excerpt":{"rendered":"<p>8h30Abertura da Prefeitura M\u00f3velLocal: Horto do Fonseca 10hReuni\u00e3o F\u00f3rum de Fundos Soberanos Brasileiros 13hAgenda externa 16hCPFGF (Prefeitura M\u00f3vel)<\/p>\n","protected":false},"author":39,"featured_media":0,"comment_status":"closed","ping_status":"closed","sticky":false,"template":"","format":"standard","meta":{"_et_pb_use_builder":"","_et_pb_old_content":"","_et_gb_content_width":"","_usar_header_alternativo":false,"footnotes":""},"categories":[394],"tags":[],"class_list":["post-31867","post","type-post","status-publish","format-standard","hentry","category-agenda","et-doesnt-have-format-content","et_post_format-et-post-format-standard"],"_links":{"self":[{"href":"https:\/\/www.fazenda.niteroi.rj.gov.br\/site\/wp-json\/wp\/v2\/posts\/31867","targetHints":{"allow":["GET"]}}],"collection":[{"href":"https:\/\/www.fazenda.niteroi.rj.gov.br\/site\/wp-json\/wp\/v2\/posts"}],"about":[{"href":"https:\/\/www.fazenda.niteroi.rj.gov.br\/site\/wp-json\/wp\/v2\/types\/post"}],"author":[{"embeddable":true,"href":"https:\/\/www.fazenda.niteroi.rj.gov.br\/site\/wp-json\/wp\/v2\/users\/39"}],"replies":[{"embeddable":true,"href":"https:\/\/www.fazenda.niteroi.rj.gov.br\/site\/wp-json\/wp\/v2\/comments?post=31867"}],"version-history":[{"count":1,"href":"https:\/\/www.fazenda.niteroi.rj.gov.br\/site\/wp-json\/wp\/v2\/posts\/31867\/revisions"}],"predecessor-version":[{"id":31868,"href":"https:\/\/www.fazenda.niteroi.rj.gov.br\/site\/wp-json\/wp\/v2\/posts\/31867\/revisions\/31868"}],"wp:attachment":[{"href":"https:\/\/www.fazenda.niteroi.rj.gov.br\/site\/wp-json\/wp\/v2\/media?parent=31867"}],"wp:term":[{"taxonomy":"category","embeddable":true,"href":"https:\/\/www.fazenda.niteroi.rj.gov.br\/site\/wp-json\/wp\/v2\/categories?post=31867"},{"taxonomy":"post_tag","embeddable":true,"href":"https:\/\/www.fazenda.niteroi.rj.gov.br\/site\/wp-json\/wp\/v2\/tags?post=31867"}],"curies":[{"name":"wp","href":"https:\/\/api.w.org\/{rel}","templated":true}]}}