{"id":32200,"date":"2025-07-10T16:20:41","date_gmt":"2025-07-10T19:20:41","guid":{"rendered":"https:\/\/www.fazenda.niteroi.rj.gov.br\/site\/?p=32200"},"modified":"2025-07-10T16:21:13","modified_gmt":"2025-07-10T19:21:13","slug":"acordao-3486-2025-2","status":"publish","type":"post","link":"https:\/\/www.fazenda.niteroi.rj.gov.br\/site\/acordao-3486-2025-2\/","title":{"rendered":"AC\u00d3RD\u00c3O 3486\/2025"},"content":{"rendered":"\n<ul class=\"wp-block-list\">\n<li>Sess\u00e3o 1575\u00ba. Realizada em 19\/03\/2025<strong><\/strong><\/li>\n\n\n\n<li>Processo: 99000058127\/2023 <strong><\/strong><\/li>\n\n\n\n<li>Recorrente: PAULO CESAR AMARAL SOARES<strong><\/strong><\/li>\n\n\n\n<li><strong>\u201cEmenta: IPTU \u2013 Recurso Volunt\u00e1rio \u2013 Lan\u00e7amento<\/strong> <strong>Complementares \u2013 Altera\u00e7\u00e3o de Elementos Cadastrais \u2013 Redu\u00e7\u00e3o da \u00e1rea edificada, apurada em vistoria realizada pelo SEDIL \u2013 Revis\u00e3o dos valores de lan\u00e7amento complementar \u2013 Recurso conhecido e parcialmente provido\u201d.<\/strong><\/li>\n\n\n\n<li><strong>Inteiro teor: <a href=\"https:\/\/www.fazenda.niteroi.rj.gov.br\/site\/wp-content\/uploads\/2025\/07\/E.CIGA-PA-058127.23.pdf\">Ac\u00f3rd\u00e3o n\u00ba 3486\/2025<\/a><\/strong><\/li>\n<\/ul>\n","protected":false},"excerpt":{"rendered":"<p> IPTU \u2013 Recurso Volunt\u00e1rio \u2013 Lan\u00e7amento Complementares \u2013 Altera\u00e7\u00e3o de Elementos Cadastrais \u2013 Redu\u00e7\u00e3o da \u00e1rea edificada, apurada em vistoria realizada pelo SEDIL \u2013 Revis\u00e3o dos valores de lan\u00e7amento complementar \u2013 Recurso conhecido e parcialmente provido\u201d<\/p>\n","protected":false},"author":4,"featured_media":0,"comment_status":"closed","ping_status":"closed","sticky":false,"template":"","format":"standard","meta":{"_et_pb_use_builder":"","_et_pb_old_content":"","_et_gb_content_width":"","_usar_header_alternativo":false,"footnotes":""},"categories":[131,126],"tags":[],"class_list":["post-32200","post","type-post","status-publish","format-standard","hentry","category-acordaos","category-ccn","et-doesnt-have-format-content","et_post_format-et-post-format-standard"],"_links":{"self":[{"href":"https:\/\/www.fazenda.niteroi.rj.gov.br\/site\/wp-json\/wp\/v2\/posts\/32200","targetHints":{"allow":["GET"]}}],"collection":[{"href":"https:\/\/www.fazenda.niteroi.rj.gov.br\/site\/wp-json\/wp\/v2\/posts"}],"about":[{"href":"https:\/\/www.fazenda.niteroi.rj.gov.br\/site\/wp-json\/wp\/v2\/types\/post"}],"author":[{"embeddable":true,"href":"https:\/\/www.fazenda.niteroi.rj.gov.br\/site\/wp-json\/wp\/v2\/users\/4"}],"replies":[{"embeddable":true,"href":"https:\/\/www.fazenda.niteroi.rj.gov.br\/site\/wp-json\/wp\/v2\/comments?post=32200"}],"version-history":[{"count":1,"href":"https:\/\/www.fazenda.niteroi.rj.gov.br\/site\/wp-json\/wp\/v2\/posts\/32200\/revisions"}],"predecessor-version":[{"id":32202,"href":"https:\/\/www.fazenda.niteroi.rj.gov.br\/site\/wp-json\/wp\/v2\/posts\/32200\/revisions\/32202"}],"wp:attachment":[{"href":"https:\/\/www.fazenda.niteroi.rj.gov.br\/site\/wp-json\/wp\/v2\/media?parent=32200"}],"wp:term":[{"taxonomy":"category","embeddable":true,"href":"https:\/\/www.fazenda.niteroi.rj.gov.br\/site\/wp-json\/wp\/v2\/categories?post=32200"},{"taxonomy":"post_tag","embeddable":true,"href":"https:\/\/www.fazenda.niteroi.rj.gov.br\/site\/wp-json\/wp\/v2\/tags?post=32200"}],"curies":[{"name":"wp","href":"https:\/\/api.w.org\/{rel}","templated":true}]}}