{"id":32270,"date":"2025-07-21T15:05:53","date_gmt":"2025-07-21T18:05:53","guid":{"rendered":"https:\/\/www.fazenda.niteroi.rj.gov.br\/site\/?p=32270"},"modified":"2025-07-21T15:06:47","modified_gmt":"2025-07-21T18:06:47","slug":"smf-apresenta-projeto-fazendo-por-elas-em-reuniao-com-a-secretaria-da-mulher-de-niteroi","status":"publish","type":"post","link":"https:\/\/www.fazenda.niteroi.rj.gov.br\/site\/smf-apresenta-projeto-fazendo-por-elas-em-reuniao-com-a-secretaria-da-mulher-de-niteroi\/","title":{"rendered":"SMF apresenta projeto \u201cFazendo por Elas\u201d em reuni\u00e3o com a Secretaria da Mulher de Niter\u00f3i\u00a0"},"content":{"rendered":"\n<p class=\"has-text-align-center\"><em>Iniciativa faz parte das metas estrat\u00e9gicas da Secretaria Municipal de Fazenda para 2025<\/em>\u00a0<\/p>\n\n\n\n<figure class=\"wp-block-image aligncenter size-medium\"><a href=\"https:\/\/www.fazenda.niteroi.rj.gov.br\/site\/wp-content\/uploads\/2025\/07\/foto-site-fazendo.png\"><img loading=\"lazy\" decoding=\"async\" width=\"400\" height=\"210\" src=\"https:\/\/www.fazenda.niteroi.rj.gov.br\/site\/wp-content\/uploads\/2025\/07\/foto-site-fazendo-400x210.png\" alt=\"\" class=\"wp-image-32271\" srcset=\"https:\/\/www.fazenda.niteroi.rj.gov.br\/site\/wp-content\/uploads\/2025\/07\/foto-site-fazendo-400x210.png 400w, https:\/\/www.fazenda.niteroi.rj.gov.br\/site\/wp-content\/uploads\/2025\/07\/foto-site-fazendo-600x315.png 600w, https:\/\/www.fazenda.niteroi.rj.gov.br\/site\/wp-content\/uploads\/2025\/07\/foto-site-fazendo-768x403.png 768w, https:\/\/www.fazenda.niteroi.rj.gov.br\/site\/wp-content\/uploads\/2025\/07\/foto-site-fazendo-1080x567.png 1080w, https:\/\/www.fazenda.niteroi.rj.gov.br\/site\/wp-content\/uploads\/2025\/07\/foto-site-fazendo.png 1200w\" sizes=\"auto, (max-width: 400px) 100vw, 400px\" \/><\/a><\/figure>\n\n\n\n<p>Na \u00faltima sexta-feira (18), a Secretaria Municipal de Fazenda (SMF) de Niter\u00f3i apresentou \u00e0 Secretaria da Mulher o projeto \u201cFazendo por Elas\u201d, uma iniciativa voltada \u00e0 capacita\u00e7\u00e3o de mulheres empreendedoras do munic\u00edpio, com foco naquelas que ainda n\u00e3o est\u00e3o formalizadas.&nbsp;&nbsp;<\/p>\n\n\n\n<p>Participaram do encontro o Secret\u00e1rio de Fazenda, Cesar Augusto Barbiero; o subsecret\u00e1rio da Receita Municipal, Vinicius Fundo; a primeira-dama de Niter\u00f3i, Fernanda Sixel Neves; a assessora de Pol\u00edticas Transversais da Secretaria da Mulher, Ana Beatriz Quiroga; a auditora fiscal da SMF Maria Helena Alves, as assessoras de Comunica\u00e7\u00e3o da SMF Andressa da Hora e Clara Oliveira; e Vanessa Fraga, coordenadora do eixo de Empreendedorismo e Autonomia Econ\u00f4mica da Secretaria da Mulher.&nbsp;<\/p>\n\n\n\n<p>Durante a reuni\u00e3o, foram apresentados os principais objetivos e etapas do projeto, que tem como meta orientar mulheres sobre os regimes fiscais dispon\u00edveis e os caminhos poss\u00edveis para a regulariza\u00e7\u00e3o de suas atividades, a fim de que compreendam que, ao se formalizarem, poder\u00e3o acessar benef\u00edcios, ampliar seus neg\u00f3cios e conquistar mais autonomia financeira.&nbsp;<\/p>\n\n\n\n<p>O &#8220;Fazendo por Elas&#8221; integra uma das quatro metas estrat\u00e9gicas da SMF para o ano de 2025 e est\u00e1 alinhado ao compromisso da Prefeitura de Niter\u00f3i com o fortalecimento do empreendedorismo feminino. Mais informa\u00e7\u00f5es sobre o projeto, incluindo datas e orienta\u00e7\u00f5es para inscri\u00e7\u00e3o nas capacita\u00e7\u00f5es, ser\u00e3o divulgadas em breve pelos canais oficiais da Secretaria Municipal de Fazenda.&nbsp;<\/p>\n","protected":false},"excerpt":{"rendered":"<p>Iniciativa faz parte das metas estrat\u00e9gicas da Secretaria Municipal de Fazenda para 2025\u00a0 Na \u00faltima sexta-feira (18), a Secretaria Municipal de Fazenda (SMF) de Niter\u00f3i apresentou \u00e0 Secretaria da Mulher [&hellip;]<\/p>\n","protected":false},"author":49,"featured_media":0,"comment_status":"closed","ping_status":"closed","sticky":false,"template":"","format":"standard","meta":{"_et_pb_use_builder":"","_et_pb_old_content":"","_et_gb_content_width":"","_usar_header_alternativo":false,"footnotes":""},"categories":[10],"tags":[],"class_list":["post-32270","post","type-post","status-publish","format-standard","hentry","category-noticias","et-doesnt-have-format-content","et_post_format-et-post-format-standard"],"_links":{"self":[{"href":"https:\/\/www.fazenda.niteroi.rj.gov.br\/site\/wp-json\/wp\/v2\/posts\/32270","targetHints":{"allow":["GET"]}}],"collection":[{"href":"https:\/\/www.fazenda.niteroi.rj.gov.br\/site\/wp-json\/wp\/v2\/posts"}],"about":[{"href":"https:\/\/www.fazenda.niteroi.rj.gov.br\/site\/wp-json\/wp\/v2\/types\/post"}],"author":[{"embeddable":true,"href":"https:\/\/www.fazenda.niteroi.rj.gov.br\/site\/wp-json\/wp\/v2\/users\/49"}],"replies":[{"embeddable":true,"href":"https:\/\/www.fazenda.niteroi.rj.gov.br\/site\/wp-json\/wp\/v2\/comments?post=32270"}],"version-history":[{"count":1,"href":"https:\/\/www.fazenda.niteroi.rj.gov.br\/site\/wp-json\/wp\/v2\/posts\/32270\/revisions"}],"predecessor-version":[{"id":32272,"href":"https:\/\/www.fazenda.niteroi.rj.gov.br\/site\/wp-json\/wp\/v2\/posts\/32270\/revisions\/32272"}],"wp:attachment":[{"href":"https:\/\/www.fazenda.niteroi.rj.gov.br\/site\/wp-json\/wp\/v2\/media?parent=32270"}],"wp:term":[{"taxonomy":"category","embeddable":true,"href":"https:\/\/www.fazenda.niteroi.rj.gov.br\/site\/wp-json\/wp\/v2\/categories?post=32270"},{"taxonomy":"post_tag","embeddable":true,"href":"https:\/\/www.fazenda.niteroi.rj.gov.br\/site\/wp-json\/wp\/v2\/tags?post=32270"}],"curies":[{"name":"wp","href":"https:\/\/api.w.org\/{rel}","templated":true}]}}