{"id":32419,"date":"2025-09-01T18:00:00","date_gmt":"2025-09-01T21:00:00","guid":{"rendered":"https:\/\/www.fazenda.niteroi.rj.gov.br\/site\/?p=32419"},"modified":"2025-09-10T15:46:01","modified_gmt":"2025-09-10T18:46:01","slug":"servicos-da-secretaria-de-fazenda-chegam-ao-cidadao-atraves-da-prefeitura-movel","status":"publish","type":"post","link":"https:\/\/www.fazenda.niteroi.rj.gov.br\/site\/servicos-da-secretaria-de-fazenda-chegam-ao-cidadao-atraves-da-prefeitura-movel\/","title":{"rendered":"Servi\u00e7os da Secretaria de Fazenda chegam ao cidad\u00e3o atrav\u00e9s da Prefeitura M\u00f3vel"},"content":{"rendered":"\n<p class=\"has-text-align-center\"><em>A\u00e7\u00e3o aproxima servi\u00e7os p\u00fablicos e garante mais comodidade para a popula\u00e7\u00e3o<\/em><\/p>\n\n\n\n<p>Os moradores do Largo da Batalha est\u00e3o recebendo, nesta semana, uma s\u00e9rie de servi\u00e7os p\u00fablicos bem mais perto de casa. De segunda (1) a sexta-feira (5), o projeto Prefeitura M\u00f3vel est\u00e1 na Pra\u00e7a Francisco da Cruz Nunes, das 9h \u00e0s 17h, oferecendo atendimentos gratuitos e facilitando o dia a dia da popula\u00e7\u00e3o.<\/p>\n\n\n\n<p>Entre os \u00f3rg\u00e3os presentes, a Secretaria Municipal de Fazenda (SMF) tem se destacado, oferecendo atendimentos essenciais e orienta\u00e7\u00f5es gratuitas para contribuintes. O objetivo \u00e9 facilitar o acesso a servi\u00e7os, garantir maior comodidade e aproximar a gest\u00e3o p\u00fablica da comunidade.<\/p>\n\n\n\n<p><strong>Servi\u00e7os oferecidos pela Secretaria de Fazenda<\/strong><\/p>\n\n\n\n<p>Durante o evento, os cidad\u00e3os podem resolver pend\u00eancias de forma r\u00e1pida e pr\u00e1tica, com suporte especializado em:<\/p>\n\n\n\n<ul class=\"wp-block-list\">\n<li>Cancelamento, solicita\u00e7\u00e3o de isen\u00e7\u00e3o e emiss\u00e3o de segunda via do IPTU;<\/li>\n\n\n\n<li>Consulta e parcelamento de d\u00e9bitos;<\/li>\n\n\n\n<li>Emiss\u00e3o e informa\u00e7\u00f5es sobre alvar\u00e1;<\/li>\n\n\n\n<li>Atualiza\u00e7\u00e3o e revis\u00e3o cadastral;<\/li>\n\n\n\n<li>Mudan\u00e7a de endere\u00e7o de correspond\u00eancia;<\/li>\n\n\n\n<li>Atendimento sobre ISS;<\/li>\n\n\n\n<li>Cancelamento de nota fiscal;<\/li>\n\n\n\n<li>Esclarecimento de d\u00favidas sobre isen\u00e7\u00e3o e andamento processual.<\/li>\n<\/ul>\n\n\n\n<p>&#8220;Depois do sucesso no Horto, a Prefeitura M\u00f3vel chega ao Largo da Batalha em um espa\u00e7o maior e climatizado, garantindo o mesmo padr\u00e3o de qualidade j\u00e1 reconhecido pela popula\u00e7\u00e3o na primeira edi\u00e7\u00e3o. \u00c9 uma oportunidade para os moradores do Largo e arredores acessarem servi\u00e7os essenciais, de sa\u00fade, cidadania e Fazenda com conforto e efici\u00eancia.&#8221;, conta Beatriz Dantas, Diretora do CAC.<\/p>\n\n\n\n<p>O Prefeitura M\u00f3vel refor\u00e7a o compromisso da Prefeitura de Niter\u00f3i com a escuta ativa e o atendimento humanizado, oferecendo solu\u00e7\u00f5es pr\u00e1ticas e diminuindo barreiras no acesso aos servi\u00e7os p\u00fablicos. A iniciativa busca promover mais agilidade, transpar\u00eancia e efici\u00eancia no relacionamento com os cidad\u00e3os.<\/p>\n","protected":false},"excerpt":{"rendered":"<p>A\u00e7\u00e3o aproxima servi\u00e7os p\u00fablicos e garante mais comodidade para a popula\u00e7\u00e3o Os moradores do Largo da Batalha est\u00e3o recebendo, nesta semana, uma s\u00e9rie de servi\u00e7os p\u00fablicos bem mais perto de [&hellip;]<\/p>\n","protected":false},"author":49,"featured_media":32420,"comment_status":"closed","ping_status":"closed","sticky":false,"template":"","format":"standard","meta":{"_et_pb_use_builder":"","_et_pb_old_content":"","_et_gb_content_width":"","_usar_header_alternativo":false,"footnotes":""},"categories":[10],"tags":[],"class_list":["post-32419","post","type-post","status-publish","format-standard","has-post-thumbnail","hentry","category-noticias","et-has-post-format-content","et_post_format-et-post-format-standard"],"_links":{"self":[{"href":"https:\/\/www.fazenda.niteroi.rj.gov.br\/site\/wp-json\/wp\/v2\/posts\/32419","targetHints":{"allow":["GET"]}}],"collection":[{"href":"https:\/\/www.fazenda.niteroi.rj.gov.br\/site\/wp-json\/wp\/v2\/posts"}],"about":[{"href":"https:\/\/www.fazenda.niteroi.rj.gov.br\/site\/wp-json\/wp\/v2\/types\/post"}],"author":[{"embeddable":true,"href":"https:\/\/www.fazenda.niteroi.rj.gov.br\/site\/wp-json\/wp\/v2\/users\/49"}],"replies":[{"embeddable":true,"href":"https:\/\/www.fazenda.niteroi.rj.gov.br\/site\/wp-json\/wp\/v2\/comments?post=32419"}],"version-history":[{"count":2,"href":"https:\/\/www.fazenda.niteroi.rj.gov.br\/site\/wp-json\/wp\/v2\/posts\/32419\/revisions"}],"predecessor-version":[{"id":32484,"href":"https:\/\/www.fazenda.niteroi.rj.gov.br\/site\/wp-json\/wp\/v2\/posts\/32419\/revisions\/32484"}],"wp:featuredmedia":[{"embeddable":true,"href":"https:\/\/www.fazenda.niteroi.rj.gov.br\/site\/wp-json\/wp\/v2\/media\/32420"}],"wp:attachment":[{"href":"https:\/\/www.fazenda.niteroi.rj.gov.br\/site\/wp-json\/wp\/v2\/media?parent=32419"}],"wp:term":[{"taxonomy":"category","embeddable":true,"href":"https:\/\/www.fazenda.niteroi.rj.gov.br\/site\/wp-json\/wp\/v2\/categories?post=32419"},{"taxonomy":"post_tag","embeddable":true,"href":"https:\/\/www.fazenda.niteroi.rj.gov.br\/site\/wp-json\/wp\/v2\/tags?post=32419"}],"curies":[{"name":"wp","href":"https:\/\/api.w.org\/{rel}","templated":true}]}}